{"id":459109,"date":"2019-12-04T11:38:00","date_gmt":"2019-12-04T10:38:00","guid":{"rendered":"http:\/\/wordpress.feuerwehr-schwetzingen.de\/?p=459109"},"modified":"-0001-11-30T00:00:00","modified_gmt":"-0001-11-29T22:00:00","slug":"","status":"publish","type":"post","link":"https:\/\/www.feuerwehr-schwetzingen.de\/?p=459109","title":{"rendered":"Einsatz 2019\/489 &#8211; H2 Gasaustritt\/Gasgeruch \/ Gasgeruch"},"content":{"rendered":"<p><strong>Grenzh\u00f6ferstra\u00dfe, Schwetzingen<\/strong><\/p>\n<blockquote><p>Vor Ort war ein Geruch feststellbar, jedoch handelte es sich dabei nicht um Gas. Trotz intensiver Erkundungsma\u00dfnahmen in und um das Geb\u00e4ude konnte eine Ursache f\u00fcr die Geruchsbel\u00e4stigung nicht ausfindig gemacht werden.<\/p><\/blockquote>\n<table>\n<tbody>\n<tr>\n<td>Alarmzeit:<\/td>\n<td>11:38<\/td>\n<\/tr>\n<tr>\n<td>Eingesetzte Fahrzeuge:<\/td>\n<td>5<\/td>\n<\/tr>\n<tr>\n<td>Personal:<\/td>\n<td>13<\/td>\n<\/tr>\n<tr>\n<td>Einsatzende:<\/td>\n<td>13:02\n<\/td>\n<\/tr>\n<\/tbody>\n<\/table>\n","protected":false},"excerpt":{"rendered":"<p>Grenzh\u00f6ferstra\u00dfe, Schwetzingen Vor Ort war ein Geruch feststellbar, jedoch handelte es sich dabei nicht um Gas. Trotz intensiver Erkundungsma\u00dfnahmen in und um das Geb\u00e4ude konnte eine Ursache f\u00fcr die Geruchsbel\u00e4stigung nicht ausfindig gemacht werden. Alarmzeit: 11:38 Eingesetzte Fahrzeuge: 5 Personal: 13 Einsatzende: 13:02<\/p>\n","protected":false},"author":2,"featured_media":0,"comment_status":"open","ping_status":"open","sticky":false,"template":"","format":"standard","meta":{"ngg_post_thumbnail":0,"footnotes":""},"categories":[4],"tags":[],"class_list":["post-459109","post","type-post","status-publish","format-standard","hentry","category-einsaetze"],"_links":{"self":[{"href":"https:\/\/www.feuerwehr-schwetzingen.de\/index.php?rest_route=\/wp\/v2\/posts\/459109","targetHints":{"allow":["GET"]}}],"collection":[{"href":"https:\/\/www.feuerwehr-schwetzingen.de\/index.php?rest_route=\/wp\/v2\/posts"}],"about":[{"href":"https:\/\/www.feuerwehr-schwetzingen.de\/index.php?rest_route=\/wp\/v2\/types\/post"}],"author":[{"embeddable":true,"href":"https:\/\/www.feuerwehr-schwetzingen.de\/index.php?rest_route=\/wp\/v2\/users\/2"}],"replies":[{"embeddable":true,"href":"https:\/\/www.feuerwehr-schwetzingen.de\/index.php?rest_route=%2Fwp%2Fv2%2Fcomments&post=459109"}],"version-history":[{"count":0,"href":"https:\/\/www.feuerwehr-schwetzingen.de\/index.php?rest_route=\/wp\/v2\/posts\/459109\/revisions"}],"wp:attachment":[{"href":"https:\/\/www.feuerwehr-schwetzingen.de\/index.php?rest_route=%2Fwp%2Fv2%2Fmedia&parent=459109"}],"wp:term":[{"taxonomy":"category","embeddable":true,"href":"https:\/\/www.feuerwehr-schwetzingen.de\/index.php?rest_route=%2Fwp%2Fv2%2Fcategories&post=459109"},{"taxonomy":"post_tag","embeddable":true,"href":"https:\/\/www.feuerwehr-schwetzingen.de\/index.php?rest_route=%2Fwp%2Fv2%2Ftags&post=459109"}],"curies":[{"name":"wp","href":"https:\/\/api.w.org\/{rel}","templated":true}]}}