{"id":465878,"date":"2019-12-20T16:28:46","date_gmt":"2019-12-20T15:28:46","guid":{"rendered":"https:\/\/www.feuerwehr-schwetzingen.de\/?p=465878"},"modified":"2019-12-20T16:28:46","modified_gmt":"2019-12-20T15:28:46","slug":"geraetewartlehrgang-der-landesfeuerwehrschule","status":"publish","type":"post","link":"https:\/\/www.feuerwehr-schwetzingen.de\/?p=465878","title":{"rendered":"Ger\u00e4tewartlehrgang der Landesfeuerwehrschule"},"content":{"rendered":"<p>Vom 17.12.2019 bis 19.12.2019 fand bei der Freiwilligen Feuerwehr Schwetzingen ein von der Landesfeuerwehrschule Baden-W\u00dcrttemberg durchgef\u00fchrter Ger\u00e4tewartlehrgang mit 30 Teilnehmern statt.<br \/>\n<img loading=\"lazy\" decoding=\"async\" src=\"https:\/\/www.feuerwehr-schwetzingen.de\/wp-content\/uploads\/2019\/12\/WhatsApp-Image-2019-12-20-at-16.23.04.jpeg\" alt=\"\" width=\"906\" height=\"680\" class=\"alignnone size-full wp-image-465879\" srcset=\"https:\/\/www.feuerwehr-schwetzingen.de\/wp-content\/uploads\/2019\/12\/WhatsApp-Image-2019-12-20-at-16.23.04.jpeg 906w, https:\/\/www.feuerwehr-schwetzingen.de\/wp-content\/uploads\/2019\/12\/WhatsApp-Image-2019-12-20-at-16.23.04-300x225.jpeg 300w, https:\/\/www.feuerwehr-schwetzingen.de\/wp-content\/uploads\/2019\/12\/WhatsApp-Image-2019-12-20-at-16.23.04-768x576.jpeg 768w\" sizes=\"auto, (max-width: 767px) 89vw, (max-width: 1000px) 54vw, (max-width: 1071px) 543px, 580px\" \/><\/p>\n","protected":false},"excerpt":{"rendered":"<p>Vom 17.12.2019 bis 19.12.2019 fand bei der Freiwilligen Feuerwehr Schwetzingen ein von der Landesfeuerwehrschule Baden-W\u00dcrttemberg durchgef\u00fchrter Ger\u00e4tewartlehrgang mit 30 Teilnehmern statt.<\/p>\n","protected":false},"author":1,"featured_media":0,"comment_status":"closed","ping_status":"open","sticky":false,"template":"","format":"aside","meta":{"ngg_post_thumbnail":0,"footnotes":""},"categories":[13],"tags":[],"class_list":["post-465878","post","type-post","status-publish","format-aside","hentry","category-aktuelles","post_format-post-format-aside"],"_links":{"self":[{"href":"https:\/\/www.feuerwehr-schwetzingen.de\/index.php?rest_route=\/wp\/v2\/posts\/465878","targetHints":{"allow":["GET"]}}],"collection":[{"href":"https:\/\/www.feuerwehr-schwetzingen.de\/index.php?rest_route=\/wp\/v2\/posts"}],"about":[{"href":"https:\/\/www.feuerwehr-schwetzingen.de\/index.php?rest_route=\/wp\/v2\/types\/post"}],"author":[{"embeddable":true,"href":"https:\/\/www.feuerwehr-schwetzingen.de\/index.php?rest_route=\/wp\/v2\/users\/1"}],"replies":[{"embeddable":true,"href":"https:\/\/www.feuerwehr-schwetzingen.de\/index.php?rest_route=%2Fwp%2Fv2%2Fcomments&post=465878"}],"version-history":[{"count":2,"href":"https:\/\/www.feuerwehr-schwetzingen.de\/index.php?rest_route=\/wp\/v2\/posts\/465878\/revisions"}],"predecessor-version":[{"id":465881,"href":"https:\/\/www.feuerwehr-schwetzingen.de\/index.php?rest_route=\/wp\/v2\/posts\/465878\/revisions\/465881"}],"wp:attachment":[{"href":"https:\/\/www.feuerwehr-schwetzingen.de\/index.php?rest_route=%2Fwp%2Fv2%2Fmedia&parent=465878"}],"wp:term":[{"taxonomy":"category","embeddable":true,"href":"https:\/\/www.feuerwehr-schwetzingen.de\/index.php?rest_route=%2Fwp%2Fv2%2Fcategories&post=465878"},{"taxonomy":"post_tag","embeddable":true,"href":"https:\/\/www.feuerwehr-schwetzingen.de\/index.php?rest_route=%2Fwp%2Fv2%2Ftags&post=465878"}],"curies":[{"name":"wp","href":"https:\/\/api.w.org\/{rel}","templated":true}]}}