{"id":479442,"date":"2019-12-20T11:37:00","date_gmt":"2019-12-20T10:37:00","guid":{"rendered":"http:\/\/wordpress.feuerwehr-schwetzingen.de\/?p=479442"},"modified":"-0001-11-30T00:00:00","modified_gmt":"-0001-11-29T22:00:00","slug":"","status":"publish","type":"post","link":"https:\/\/www.feuerwehr-schwetzingen.de\/?p=479442","title":{"rendered":"Einsatz 2019\/511 &#8211; H1 \u00d6lspur \/ \u00d6lspur"},"content":{"rendered":"<p><strong>Heckerstra\u00dfe \/ Gutenbergstra\u00dfe, Schwetzingen<\/strong><\/p>\n<blockquote><p>In der Heckerstra\u00dfe kam es aus noch ungekl\u00e4rter Ursache zu einer Stra\u00dfenverunreinigung. Durch den kurzzeitigen Starkregen hatte sich die Fl\u00fcssigkeit auf die gesamte Fahrbahn ausgebreitet. Die Verunreinigung war ca. 20 Meter lang. Eine Fachfirma wurde mit der Reinigung beauftragt.<\/p><\/blockquote>\n<table>\n<tbody>\n<tr>\n<td>Alarmzeit:<\/td>\n<td>11:37<\/td>\n<\/tr>\n<tr>\n<td>Eingesetzte Fahrzeuge:<\/td>\n<td>1<\/td>\n<\/tr>\n<tr>\n<td>Personal:<\/td>\n<td>4<\/td>\n<\/tr>\n<tr>\n<td>Einsatzende:<\/td>\n<td>12:59\n<\/td>\n<\/tr>\n<\/tbody>\n<\/table>\n","protected":false},"excerpt":{"rendered":"<p>Heckerstra\u00dfe \/ Gutenbergstra\u00dfe, Schwetzingen In der Heckerstra\u00dfe kam es aus noch ungekl\u00e4rter Ursache zu einer Stra\u00dfenverunreinigung. Durch den kurzzeitigen Starkregen hatte sich die Fl\u00fcssigkeit auf die gesamte Fahrbahn ausgebreitet. Die Verunreinigung war ca. 20 Meter lang. Eine Fachfirma wurde mit der Reinigung beauftragt. Alarmzeit: 11:37 Eingesetzte Fahrzeuge: 1 Personal: 4 Einsatzende: 12:59<\/p>\n","protected":false},"author":2,"featured_media":0,"comment_status":"open","ping_status":"open","sticky":false,"template":"","format":"standard","meta":{"ngg_post_thumbnail":0,"footnotes":""},"categories":[4],"tags":[],"class_list":["post-479442","post","type-post","status-publish","format-standard","hentry","category-einsaetze"],"_links":{"self":[{"href":"https:\/\/www.feuerwehr-schwetzingen.de\/index.php?rest_route=\/wp\/v2\/posts\/479442","targetHints":{"allow":["GET"]}}],"collection":[{"href":"https:\/\/www.feuerwehr-schwetzingen.de\/index.php?rest_route=\/wp\/v2\/posts"}],"about":[{"href":"https:\/\/www.feuerwehr-schwetzingen.de\/index.php?rest_route=\/wp\/v2\/types\/post"}],"author":[{"embeddable":true,"href":"https:\/\/www.feuerwehr-schwetzingen.de\/index.php?rest_route=\/wp\/v2\/users\/2"}],"replies":[{"embeddable":true,"href":"https:\/\/www.feuerwehr-schwetzingen.de\/index.php?rest_route=%2Fwp%2Fv2%2Fcomments&post=479442"}],"version-history":[{"count":0,"href":"https:\/\/www.feuerwehr-schwetzingen.de\/index.php?rest_route=\/wp\/v2\/posts\/479442\/revisions"}],"wp:attachment":[{"href":"https:\/\/www.feuerwehr-schwetzingen.de\/index.php?rest_route=%2Fwp%2Fv2%2Fmedia&parent=479442"}],"wp:term":[{"taxonomy":"category","embeddable":true,"href":"https:\/\/www.feuerwehr-schwetzingen.de\/index.php?rest_route=%2Fwp%2Fv2%2Fcategories&post=479442"},{"taxonomy":"post_tag","embeddable":true,"href":"https:\/\/www.feuerwehr-schwetzingen.de\/index.php?rest_route=%2Fwp%2Fv2%2Ftags&post=479442"}],"curies":[{"name":"wp","href":"https:\/\/api.w.org\/{rel}","templated":true}]}}