{"id":486246,"date":"2019-12-30T16:35:00","date_gmt":"2019-12-30T15:35:00","guid":{"rendered":"http:\/\/wordpress.feuerwehr-schwetzingen.de\/?p=486246"},"modified":"-0001-11-30T00:00:00","modified_gmt":"-0001-11-29T22:00:00","slug":"","status":"publish","type":"post","link":"https:\/\/www.feuerwehr-schwetzingen.de\/?p=486246","title":{"rendered":"Einsatz 2019\/523 &#8211; F3 Geb\u00e4udebrand \/ Rauchentwicklung aus Dach"},"content":{"rendered":"<p><strong>Schubertstra\u00dfe, Schwetzingen<\/strong><\/p>\n<blockquote><p>Im Dachgeschoss einer Doppelhaush\u00e4lfte brannte Abfall. Das Feuer wurde von einem Trupp unter PA mit einem C-Rohr abgel\u00f6scht. Gleichzeitig wurde das Geb\u00e4ude nach Personen durchsucht und eine \u00dcberdruckbel\u00fcftung aufgebaut und in Betrieb genommen. Nach Abschlu\u00df der L\u00f6scharbeiten wurde das Geb\u00e4ude gegen unbefugtes Betreten gesichert.<\/p><\/blockquote>\n<table>\n<tbody>\n<tr>\n<td>Alarmzeit:<\/td>\n<td>16:35<\/td>\n<\/tr>\n<tr>\n<td>Eingesetzte Fahrzeuge:<\/td>\n<td>8<\/td>\n<\/tr>\n<tr>\n<td>Personal:<\/td>\n<td>25<\/td>\n<\/tr>\n<tr>\n<td>Einsatzende:<\/td>\n<td>19:40\n<\/td>\n<\/tr>\n<\/tbody>\n<\/table>\n","protected":false},"excerpt":{"rendered":"<p>Schubertstra\u00dfe, Schwetzingen Im Dachgeschoss einer Doppelhaush\u00e4lfte brannte Abfall. Das Feuer wurde von einem Trupp unter PA mit einem C-Rohr abgel\u00f6scht. Gleichzeitig wurde das Geb\u00e4ude nach Personen durchsucht und eine \u00dcberdruckbel\u00fcftung aufgebaut und in Betrieb genommen. Nach Abschlu\u00df der L\u00f6scharbeiten wurde das Geb\u00e4ude gegen unbefugtes Betreten gesichert. Alarmzeit: 16:35 Eingesetzte Fahrzeuge: 8 Personal: 25 Einsatzende: 19:40<\/p>\n","protected":false},"author":2,"featured_media":0,"comment_status":"open","ping_status":"open","sticky":false,"template":"","format":"standard","meta":{"ngg_post_thumbnail":0,"footnotes":""},"categories":[4],"tags":[],"class_list":["post-486246","post","type-post","status-publish","format-standard","hentry","category-einsaetze"],"_links":{"self":[{"href":"https:\/\/www.feuerwehr-schwetzingen.de\/index.php?rest_route=\/wp\/v2\/posts\/486246","targetHints":{"allow":["GET"]}}],"collection":[{"href":"https:\/\/www.feuerwehr-schwetzingen.de\/index.php?rest_route=\/wp\/v2\/posts"}],"about":[{"href":"https:\/\/www.feuerwehr-schwetzingen.de\/index.php?rest_route=\/wp\/v2\/types\/post"}],"author":[{"embeddable":true,"href":"https:\/\/www.feuerwehr-schwetzingen.de\/index.php?rest_route=\/wp\/v2\/users\/2"}],"replies":[{"embeddable":true,"href":"https:\/\/www.feuerwehr-schwetzingen.de\/index.php?rest_route=%2Fwp%2Fv2%2Fcomments&post=486246"}],"version-history":[{"count":0,"href":"https:\/\/www.feuerwehr-schwetzingen.de\/index.php?rest_route=\/wp\/v2\/posts\/486246\/revisions"}],"wp:attachment":[{"href":"https:\/\/www.feuerwehr-schwetzingen.de\/index.php?rest_route=%2Fwp%2Fv2%2Fmedia&parent=486246"}],"wp:term":[{"taxonomy":"category","embeddable":true,"href":"https:\/\/www.feuerwehr-schwetzingen.de\/index.php?rest_route=%2Fwp%2Fv2%2Fcategories&post=486246"},{"taxonomy":"post_tag","embeddable":true,"href":"https:\/\/www.feuerwehr-schwetzingen.de\/index.php?rest_route=%2Fwp%2Fv2%2Ftags&post=486246"}],"curies":[{"name":"wp","href":"https:\/\/api.w.org\/{rel}","templated":true}]}}