{"id":52594,"date":"2013-06-06T09:31:00","date_gmt":"2013-06-06T08:31:00","guid":{"rendered":"http:\/\/wordpress.feuerwehr-schwetzingen.de\/?p=52594"},"modified":"-0001-11-30T00:00:00","modified_gmt":"-0001-11-29T22:00:00","slug":"","status":"publish","type":"post","link":"https:\/\/www.feuerwehr-schwetzingen.de\/?p=52594","title":{"rendered":"Einsatz 2013\/154 &#8211; Tierrettung"},"content":{"rendered":"<p><strong>Lindenstra\u00dfe, Dreibr\u00fcckentor, Schwetzingen<\/strong><\/p>\n<blockquote><p>Eine besorgte B\u00fcrgerin meldete einen Igel im Leimbach. In H\u00f6he des Dreibr\u00fcckentores sa\u00df auf einer Schlamminsel ein entkr\u00e4fteter Igel. Mitels zweiteiliger Steckleiter wurde in das Bachbett hinabgestiegen und der Igel von Hand gefangen. Anschlie\u00dfend wurde er im Schlo\u00dfgarten ausgesetzt.<\/p><\/blockquote>\n<table>\n<tbody>\n<tr>\n<td>Alarmzeit:<\/td>\n<td>09:31<\/td>\n<\/tr>\n<tr>\n<td>Eingesetzte Fahrzeuge:<\/td>\n<td>1<\/td>\n<\/tr>\n<tr>\n<td>Personal:<\/td>\n<td>4<\/td>\n<\/tr>\n<tr>\n<td>Einsatzende:<\/td>\n<td>10:12\n<\/td>\n<\/tr>\n<\/tbody>\n<\/table>\n","protected":false},"excerpt":{"rendered":"<p>Lindenstra\u00dfe, Dreibr\u00fcckentor, Schwetzingen Eine besorgte B\u00fcrgerin meldete einen Igel im Leimbach. In H\u00f6he des Dreibr\u00fcckentores sa\u00df auf einer Schlamminsel ein entkr\u00e4fteter Igel. Mitels zweiteiliger Steckleiter wurde in das Bachbett hinabgestiegen und der Igel von Hand gefangen. Anschlie\u00dfend wurde er im Schlo\u00dfgarten ausgesetzt. Alarmzeit: 09:31 Eingesetzte Fahrzeuge: 1 Personal: 4 Einsatzende: 10:12<\/p>\n","protected":false},"author":2,"featured_media":0,"comment_status":"open","ping_status":"open","sticky":false,"template":"","format":"standard","meta":{"ngg_post_thumbnail":0,"footnotes":""},"categories":[4],"tags":[],"class_list":["post-52594","post","type-post","status-publish","format-standard","hentry","category-einsaetze"],"_links":{"self":[{"href":"https:\/\/www.feuerwehr-schwetzingen.de\/index.php?rest_route=\/wp\/v2\/posts\/52594","targetHints":{"allow":["GET"]}}],"collection":[{"href":"https:\/\/www.feuerwehr-schwetzingen.de\/index.php?rest_route=\/wp\/v2\/posts"}],"about":[{"href":"https:\/\/www.feuerwehr-schwetzingen.de\/index.php?rest_route=\/wp\/v2\/types\/post"}],"author":[{"embeddable":true,"href":"https:\/\/www.feuerwehr-schwetzingen.de\/index.php?rest_route=\/wp\/v2\/users\/2"}],"replies":[{"embeddable":true,"href":"https:\/\/www.feuerwehr-schwetzingen.de\/index.php?rest_route=%2Fwp%2Fv2%2Fcomments&post=52594"}],"version-history":[{"count":0,"href":"https:\/\/www.feuerwehr-schwetzingen.de\/index.php?rest_route=\/wp\/v2\/posts\/52594\/revisions"}],"wp:attachment":[{"href":"https:\/\/www.feuerwehr-schwetzingen.de\/index.php?rest_route=%2Fwp%2Fv2%2Fmedia&parent=52594"}],"wp:term":[{"taxonomy":"category","embeddable":true,"href":"https:\/\/www.feuerwehr-schwetzingen.de\/index.php?rest_route=%2Fwp%2Fv2%2Fcategories&post=52594"},{"taxonomy":"post_tag","embeddable":true,"href":"https:\/\/www.feuerwehr-schwetzingen.de\/index.php?rest_route=%2Fwp%2Fv2%2Ftags&post=52594"}],"curies":[{"name":"wp","href":"https:\/\/api.w.org\/{rel}","templated":true}]}}