{"id":52604,"date":"2013-06-13T21:48:00","date_gmt":"2013-06-13T20:48:00","guid":{"rendered":"http:\/\/wordpress.feuerwehr-schwetzingen.de\/?p=52604"},"modified":"-0001-11-30T00:00:00","modified_gmt":"-0001-11-29T22:00:00","slug":"","status":"publish","type":"post","link":"https:\/\/www.feuerwehr-schwetzingen.de\/?p=52604","title":{"rendered":"Einsatz 2013\/164 &#8211; Unwetter geringe Sch\u00e4den"},"content":{"rendered":"<p><strong>Fohlenweide, Oftersheim<\/strong><\/p>\n<blockquote><p>An einem mehrst\u00f6ckigen Geb\u00e4ude hatte sich durch einen Gewittersturm die Glasfassade gel\u00f6st. Einige Glaspanele waren abgest\u00fcrzt. Die Schadensstelle befand in H\u00f6he des 4. OG. Aus dem Korb der Drehleiter heraus wurden weitere absturzgef\u00e4hrdete Panele entfernt. Anschlie\u00dfend wurde bei der Ausleuchtung und beim Anbringen der Notverschalung und eines Regenschutzes unterst\u00fctzt.<\/p><\/blockquote>\n<table>\n<tbody>\n<tr>\n<td>Alarmzeit:<\/td>\n<td>21:48<\/td>\n<\/tr>\n<tr>\n<td>Eingesetzte Fahrzeuge:<\/td>\n<td>1<\/td>\n<\/tr>\n<tr>\n<td>Personal:<\/td>\n<td>4<\/td>\n<\/tr>\n<tr>\n<td>Einsatzende:<\/td>\n<td>00:15\n<\/td>\n<\/tr>\n<\/tbody>\n<\/table>\n","protected":false},"excerpt":{"rendered":"<p>Fohlenweide, Oftersheim An einem mehrst\u00f6ckigen Geb\u00e4ude hatte sich durch einen Gewittersturm die Glasfassade gel\u00f6st. Einige Glaspanele waren abgest\u00fcrzt. Die Schadensstelle befand in H\u00f6he des 4. OG. Aus dem Korb der Drehleiter heraus wurden weitere absturzgef\u00e4hrdete Panele entfernt. Anschlie\u00dfend wurde bei der Ausleuchtung und beim Anbringen der Notverschalung und eines Regenschutzes unterst\u00fctzt. Alarmzeit: 21:48 Eingesetzte Fahrzeuge: &hellip; <\/p>\n<p class=\"link-more\"><a href=\"https:\/\/www.feuerwehr-schwetzingen.de\/?p=52604\" class=\"more-link\"><span class=\"screen-reader-text\">\u201eEinsatz 2013\/164 &#8211; Unwetter geringe Sch\u00e4den\u201c<\/span> weiterlesen<\/a><\/p>\n","protected":false},"author":2,"featured_media":0,"comment_status":"open","ping_status":"open","sticky":false,"template":"","format":"standard","meta":{"ngg_post_thumbnail":0,"footnotes":""},"categories":[4],"tags":[],"class_list":["post-52604","post","type-post","status-publish","format-standard","hentry","category-einsaetze"],"_links":{"self":[{"href":"https:\/\/www.feuerwehr-schwetzingen.de\/index.php?rest_route=\/wp\/v2\/posts\/52604","targetHints":{"allow":["GET"]}}],"collection":[{"href":"https:\/\/www.feuerwehr-schwetzingen.de\/index.php?rest_route=\/wp\/v2\/posts"}],"about":[{"href":"https:\/\/www.feuerwehr-schwetzingen.de\/index.php?rest_route=\/wp\/v2\/types\/post"}],"author":[{"embeddable":true,"href":"https:\/\/www.feuerwehr-schwetzingen.de\/index.php?rest_route=\/wp\/v2\/users\/2"}],"replies":[{"embeddable":true,"href":"https:\/\/www.feuerwehr-schwetzingen.de\/index.php?rest_route=%2Fwp%2Fv2%2Fcomments&post=52604"}],"version-history":[{"count":0,"href":"https:\/\/www.feuerwehr-schwetzingen.de\/index.php?rest_route=\/wp\/v2\/posts\/52604\/revisions"}],"wp:attachment":[{"href":"https:\/\/www.feuerwehr-schwetzingen.de\/index.php?rest_route=%2Fwp%2Fv2%2Fmedia&parent=52604"}],"wp:term":[{"taxonomy":"category","embeddable":true,"href":"https:\/\/www.feuerwehr-schwetzingen.de\/index.php?rest_route=%2Fwp%2Fv2%2Fcategories&post=52604"},{"taxonomy":"post_tag","embeddable":true,"href":"https:\/\/www.feuerwehr-schwetzingen.de\/index.php?rest_route=%2Fwp%2Fv2%2Ftags&post=52604"}],"curies":[{"name":"wp","href":"https:\/\/api.w.org\/{rel}","templated":true}]}}