{"id":52669,"date":"2013-06-24T08:58:00","date_gmt":"2013-06-24T07:58:00","guid":{"rendered":"http:\/\/wordpress.feuerwehr-schwetzingen.de\/?p=52669"},"modified":"-0001-11-30T00:00:00","modified_gmt":"-0001-11-29T22:00:00","slug":"","status":"publish","type":"post","link":"https:\/\/www.feuerwehr-schwetzingen.de\/?p=52669","title":{"rendered":"Einsatz 2013\/229 &#8211; Brandnachschau"},"content":{"rendered":"<p><strong>Mannheimer Stra\u00dfe, Schwetzingen<\/strong><\/p>\n<blockquote><p>In einer Wohnung war es zu einem Brand von Gegenst\u00e4nden auf dem Herd gekommen. Anwohnern gelang es, das Feuer einzud\u00e4mmen. Wegen der starken Verrauchung  gelang es ihnen aber nicht, den Bewohner aus der Wohnung zu bringen. Das Feuer wurde mit einem Kleinl\u00f6schger\u00e4t abgel\u00f6scht.<\/p><\/blockquote>\n<table>\n<tbody>\n<tr>\n<td>Alarmzeit:<\/td>\n<td>08:58<\/td>\n<\/tr>\n<tr>\n<td>Eingesetzte Fahrzeuge:<\/td>\n<td>2<\/td>\n<\/tr>\n<tr>\n<td>Personal:<\/td>\n<td>15<\/td>\n<\/tr>\n<tr>\n<td>Einsatzende:<\/td>\n<td>10:05\n<\/td>\n<\/tr>\n<\/tbody>\n<\/table>\n","protected":false},"excerpt":{"rendered":"<p>Mannheimer Stra\u00dfe, Schwetzingen In einer Wohnung war es zu einem Brand von Gegenst\u00e4nden auf dem Herd gekommen. Anwohnern gelang es, das Feuer einzud\u00e4mmen. Wegen der starken Verrauchung gelang es ihnen aber nicht, den Bewohner aus der Wohnung zu bringen. Das Feuer wurde mit einem Kleinl\u00f6schger\u00e4t abgel\u00f6scht. Alarmzeit: 08:58 Eingesetzte Fahrzeuge: 2 Personal: 15 Einsatzende: 10:05<\/p>\n","protected":false},"author":2,"featured_media":0,"comment_status":"open","ping_status":"open","sticky":false,"template":"","format":"standard","meta":{"ngg_post_thumbnail":0,"footnotes":""},"categories":[4],"tags":[],"class_list":["post-52669","post","type-post","status-publish","format-standard","hentry","category-einsaetze"],"_links":{"self":[{"href":"https:\/\/www.feuerwehr-schwetzingen.de\/index.php?rest_route=\/wp\/v2\/posts\/52669","targetHints":{"allow":["GET"]}}],"collection":[{"href":"https:\/\/www.feuerwehr-schwetzingen.de\/index.php?rest_route=\/wp\/v2\/posts"}],"about":[{"href":"https:\/\/www.feuerwehr-schwetzingen.de\/index.php?rest_route=\/wp\/v2\/types\/post"}],"author":[{"embeddable":true,"href":"https:\/\/www.feuerwehr-schwetzingen.de\/index.php?rest_route=\/wp\/v2\/users\/2"}],"replies":[{"embeddable":true,"href":"https:\/\/www.feuerwehr-schwetzingen.de\/index.php?rest_route=%2Fwp%2Fv2%2Fcomments&post=52669"}],"version-history":[{"count":0,"href":"https:\/\/www.feuerwehr-schwetzingen.de\/index.php?rest_route=\/wp\/v2\/posts\/52669\/revisions"}],"wp:attachment":[{"href":"https:\/\/www.feuerwehr-schwetzingen.de\/index.php?rest_route=%2Fwp%2Fv2%2Fmedia&parent=52669"}],"wp:term":[{"taxonomy":"category","embeddable":true,"href":"https:\/\/www.feuerwehr-schwetzingen.de\/index.php?rest_route=%2Fwp%2Fv2%2Fcategories&post=52669"},{"taxonomy":"post_tag","embeddable":true,"href":"https:\/\/www.feuerwehr-schwetzingen.de\/index.php?rest_route=%2Fwp%2Fv2%2Ftags&post=52669"}],"curies":[{"name":"wp","href":"https:\/\/api.w.org\/{rel}","templated":true}]}}