{"id":52691,"date":"2013-07-11T05:48:00","date_gmt":"2013-07-11T04:48:00","guid":{"rendered":"http:\/\/wordpress.feuerwehr-schwetzingen.de\/?p=52691"},"modified":"-0001-11-30T00:00:00","modified_gmt":"-0001-11-29T22:00:00","slug":"","status":"publish","type":"post","link":"https:\/\/www.feuerwehr-schwetzingen.de\/?p=52691","title":{"rendered":"Einsatz 2013\/251 &#8211; Containerbrand"},"content":{"rendered":"<p><strong>Carl-Benz-Stra\u00dfe, Schwetzingen<\/strong><\/p>\n<blockquote><p>Es brannte der Inhalt eines 20 cbm-Containers mit integrierter M\u00fcllpresse. Der Inhalt bestand aus Holz-Obstkisten. Der Container wurde mittels der maschinellen Zugeinrichtung des HLF 20 vom Geb\u00e4ude und einenm weiteren Container weggezogen und ge\u00f6ffnet. Der Brand wurde mit einem C-Rohr abgel\u00f6scht. Anschlie\u00dfend wurde als Netzmittel Schaum aufgebracht.<\/p><\/blockquote>\n<table>\n<tbody>\n<tr>\n<td>Alarmzeit:<\/td>\n<td>05:48<\/td>\n<\/tr>\n<tr>\n<td>Eingesetzte Fahrzeuge:<\/td>\n<td>3<\/td>\n<\/tr>\n<tr>\n<td>Personal:<\/td>\n<td>17<\/td>\n<\/tr>\n<tr>\n<td>Einsatzende:<\/td>\n<td>07:05\n<\/td>\n<\/tr>\n<\/tbody>\n<\/table>\n","protected":false},"excerpt":{"rendered":"<p>Carl-Benz-Stra\u00dfe, Schwetzingen Es brannte der Inhalt eines 20 cbm-Containers mit integrierter M\u00fcllpresse. Der Inhalt bestand aus Holz-Obstkisten. Der Container wurde mittels der maschinellen Zugeinrichtung des HLF 20 vom Geb\u00e4ude und einenm weiteren Container weggezogen und ge\u00f6ffnet. Der Brand wurde mit einem C-Rohr abgel\u00f6scht. Anschlie\u00dfend wurde als Netzmittel Schaum aufgebracht. Alarmzeit: 05:48 Eingesetzte Fahrzeuge: 3 Personal: &hellip; <\/p>\n<p class=\"link-more\"><a href=\"https:\/\/www.feuerwehr-schwetzingen.de\/?p=52691\" class=\"more-link\"><span class=\"screen-reader-text\">\u201eEinsatz 2013\/251 &#8211; Containerbrand\u201c<\/span> weiterlesen<\/a><\/p>\n","protected":false},"author":2,"featured_media":0,"comment_status":"open","ping_status":"open","sticky":false,"template":"","format":"standard","meta":{"ngg_post_thumbnail":0,"footnotes":""},"categories":[4],"tags":[],"class_list":["post-52691","post","type-post","status-publish","format-standard","hentry","category-einsaetze"],"_links":{"self":[{"href":"https:\/\/www.feuerwehr-schwetzingen.de\/index.php?rest_route=\/wp\/v2\/posts\/52691","targetHints":{"allow":["GET"]}}],"collection":[{"href":"https:\/\/www.feuerwehr-schwetzingen.de\/index.php?rest_route=\/wp\/v2\/posts"}],"about":[{"href":"https:\/\/www.feuerwehr-schwetzingen.de\/index.php?rest_route=\/wp\/v2\/types\/post"}],"author":[{"embeddable":true,"href":"https:\/\/www.feuerwehr-schwetzingen.de\/index.php?rest_route=\/wp\/v2\/users\/2"}],"replies":[{"embeddable":true,"href":"https:\/\/www.feuerwehr-schwetzingen.de\/index.php?rest_route=%2Fwp%2Fv2%2Fcomments&post=52691"}],"version-history":[{"count":0,"href":"https:\/\/www.feuerwehr-schwetzingen.de\/index.php?rest_route=\/wp\/v2\/posts\/52691\/revisions"}],"wp:attachment":[{"href":"https:\/\/www.feuerwehr-schwetzingen.de\/index.php?rest_route=%2Fwp%2Fv2%2Fmedia&parent=52691"}],"wp:term":[{"taxonomy":"category","embeddable":true,"href":"https:\/\/www.feuerwehr-schwetzingen.de\/index.php?rest_route=%2Fwp%2Fv2%2Fcategories&post=52691"},{"taxonomy":"post_tag","embeddable":true,"href":"https:\/\/www.feuerwehr-schwetzingen.de\/index.php?rest_route=%2Fwp%2Fv2%2Ftags&post=52691"}],"curies":[{"name":"wp","href":"https:\/\/api.w.org\/{rel}","templated":true}]}}