{"id":52715,"date":"2013-07-28T07:10:00","date_gmt":"2013-07-28T06:10:00","guid":{"rendered":"http:\/\/wordpress.feuerwehr-schwetzingen.de\/?p=52715"},"modified":"-0001-11-30T00:00:00","modified_gmt":"-0001-11-29T22:00:00","slug":"","status":"publish","type":"post","link":"https:\/\/www.feuerwehr-schwetzingen.de\/?p=52715","title":{"rendered":"Einsatz 2013\/275 &#8211; Wasser in Geb\u00e4ude \/ Whg."},"content":{"rendered":"<p><strong>Uhlandstra\u00dfe, Schwetzingen<\/strong><\/p>\n<blockquote><p>Nach dem Abri\u00df der Hauptwasserleitung standen die Kellerr\u00e4ume auf einer Fl\u00e4che von 100 qm ca. 10 cm hoch unter Wasser. Die Hauptwasser wurde auf der Stra\u00dfe abgschiebert. Der Keller wurde frei gemessen und anschlie\u00dfend das Wasser mit zwei Wassersaugern aufgenommen.<\/p><\/blockquote>\n<table>\n<tbody>\n<tr>\n<td>Alarmzeit:<\/td>\n<td>07:10<\/td>\n<\/tr>\n<tr>\n<td>Eingesetzte Fahrzeuge:<\/td>\n<td>3<\/td>\n<\/tr>\n<tr>\n<td>Personal:<\/td>\n<td>11<\/td>\n<\/tr>\n<tr>\n<td>Einsatzende:<\/td>\n<td>08:34\n<\/td>\n<\/tr>\n<\/tbody>\n<\/table>\n","protected":false},"excerpt":{"rendered":"<p>Uhlandstra\u00dfe, Schwetzingen Nach dem Abri\u00df der Hauptwasserleitung standen die Kellerr\u00e4ume auf einer Fl\u00e4che von 100 qm ca. 10 cm hoch unter Wasser. Die Hauptwasser wurde auf der Stra\u00dfe abgschiebert. Der Keller wurde frei gemessen und anschlie\u00dfend das Wasser mit zwei Wassersaugern aufgenommen. Alarmzeit: 07:10 Eingesetzte Fahrzeuge: 3 Personal: 11 Einsatzende: 08:34<\/p>\n","protected":false},"author":2,"featured_media":0,"comment_status":"open","ping_status":"open","sticky":false,"template":"","format":"standard","meta":{"ngg_post_thumbnail":0,"footnotes":""},"categories":[4],"tags":[],"class_list":["post-52715","post","type-post","status-publish","format-standard","hentry","category-einsaetze"],"_links":{"self":[{"href":"https:\/\/www.feuerwehr-schwetzingen.de\/index.php?rest_route=\/wp\/v2\/posts\/52715","targetHints":{"allow":["GET"]}}],"collection":[{"href":"https:\/\/www.feuerwehr-schwetzingen.de\/index.php?rest_route=\/wp\/v2\/posts"}],"about":[{"href":"https:\/\/www.feuerwehr-schwetzingen.de\/index.php?rest_route=\/wp\/v2\/types\/post"}],"author":[{"embeddable":true,"href":"https:\/\/www.feuerwehr-schwetzingen.de\/index.php?rest_route=\/wp\/v2\/users\/2"}],"replies":[{"embeddable":true,"href":"https:\/\/www.feuerwehr-schwetzingen.de\/index.php?rest_route=%2Fwp%2Fv2%2Fcomments&post=52715"}],"version-history":[{"count":0,"href":"https:\/\/www.feuerwehr-schwetzingen.de\/index.php?rest_route=\/wp\/v2\/posts\/52715\/revisions"}],"wp:attachment":[{"href":"https:\/\/www.feuerwehr-schwetzingen.de\/index.php?rest_route=%2Fwp%2Fv2%2Fmedia&parent=52715"}],"wp:term":[{"taxonomy":"category","embeddable":true,"href":"https:\/\/www.feuerwehr-schwetzingen.de\/index.php?rest_route=%2Fwp%2Fv2%2Fcategories&post=52715"},{"taxonomy":"post_tag","embeddable":true,"href":"https:\/\/www.feuerwehr-schwetzingen.de\/index.php?rest_route=%2Fwp%2Fv2%2Ftags&post=52715"}],"curies":[{"name":"wp","href":"https:\/\/api.w.org\/{rel}","templated":true}]}}