{"id":52748,"date":"2013-08-16T16:15:00","date_gmt":"2013-08-16T15:15:00","guid":{"rendered":"http:\/\/wordpress.feuerwehr-schwetzingen.de\/?p=52748"},"modified":"-0001-11-30T00:00:00","modified_gmt":"-0001-11-29T22:00:00","slug":"","status":"publish","type":"post","link":"https:\/\/www.feuerwehr-schwetzingen.de\/?p=52748","title":{"rendered":"Einsatz 2013\/308 &#8211; PKW Brand"},"content":{"rendered":"<p><strong>Schlo\u00dfplatz, Schwetzingen<\/strong><\/p>\n<blockquote><p>Ein PKW hatte im Motorraum Feuer gefangen. Beim Eintreffen war der Brand bereits von Anwohnern mit einem Feuerl\u00f6scher bek\u00e4mpft worden. Mit dem Schnellangriff des Hilfeleistungl\u00f6schgruppenfahrzeugs wurden Nachl\u00f6scharbeiten durchgef\u00fchrt. Nach dem Abtransport des PKW wurde noch die Stra\u00dfe gereinigt.<\/p><\/blockquote>\n<table>\n<tbody>\n<tr>\n<td>Alarmzeit:<\/td>\n<td>16:15<\/td>\n<\/tr>\n<tr>\n<td>Eingesetzte Fahrzeuge:<\/td>\n<td>3<\/td>\n<\/tr>\n<tr>\n<td>Personal:<\/td>\n<td>18<\/td>\n<\/tr>\n<tr>\n<td>Einsatzende:<\/td>\n<td>17:01\n<\/td>\n<\/tr>\n<\/tbody>\n<\/table>\n","protected":false},"excerpt":{"rendered":"<p>Schlo\u00dfplatz, Schwetzingen Ein PKW hatte im Motorraum Feuer gefangen. Beim Eintreffen war der Brand bereits von Anwohnern mit einem Feuerl\u00f6scher bek\u00e4mpft worden. Mit dem Schnellangriff des Hilfeleistungl\u00f6schgruppenfahrzeugs wurden Nachl\u00f6scharbeiten durchgef\u00fchrt. Nach dem Abtransport des PKW wurde noch die Stra\u00dfe gereinigt. Alarmzeit: 16:15 Eingesetzte Fahrzeuge: 3 Personal: 18 Einsatzende: 17:01<\/p>\n","protected":false},"author":2,"featured_media":0,"comment_status":"open","ping_status":"open","sticky":false,"template":"","format":"standard","meta":{"ngg_post_thumbnail":0,"footnotes":""},"categories":[4],"tags":[],"class_list":["post-52748","post","type-post","status-publish","format-standard","hentry","category-einsaetze"],"_links":{"self":[{"href":"https:\/\/www.feuerwehr-schwetzingen.de\/index.php?rest_route=\/wp\/v2\/posts\/52748","targetHints":{"allow":["GET"]}}],"collection":[{"href":"https:\/\/www.feuerwehr-schwetzingen.de\/index.php?rest_route=\/wp\/v2\/posts"}],"about":[{"href":"https:\/\/www.feuerwehr-schwetzingen.de\/index.php?rest_route=\/wp\/v2\/types\/post"}],"author":[{"embeddable":true,"href":"https:\/\/www.feuerwehr-schwetzingen.de\/index.php?rest_route=\/wp\/v2\/users\/2"}],"replies":[{"embeddable":true,"href":"https:\/\/www.feuerwehr-schwetzingen.de\/index.php?rest_route=%2Fwp%2Fv2%2Fcomments&post=52748"}],"version-history":[{"count":0,"href":"https:\/\/www.feuerwehr-schwetzingen.de\/index.php?rest_route=\/wp\/v2\/posts\/52748\/revisions"}],"wp:attachment":[{"href":"https:\/\/www.feuerwehr-schwetzingen.de\/index.php?rest_route=%2Fwp%2Fv2%2Fmedia&parent=52748"}],"wp:term":[{"taxonomy":"category","embeddable":true,"href":"https:\/\/www.feuerwehr-schwetzingen.de\/index.php?rest_route=%2Fwp%2Fv2%2Fcategories&post=52748"},{"taxonomy":"post_tag","embeddable":true,"href":"https:\/\/www.feuerwehr-schwetzingen.de\/index.php?rest_route=%2Fwp%2Fv2%2Ftags&post=52748"}],"curies":[{"name":"wp","href":"https:\/\/api.w.org\/{rel}","templated":true}]}}