{"id":52764,"date":"2013-08-30T08:48:00","date_gmt":"2013-08-30T07:48:00","guid":{"rendered":"http:\/\/wordpress.feuerwehr-schwetzingen.de\/?p=52764"},"modified":"-0001-11-30T00:00:00","modified_gmt":"-0001-11-29T22:00:00","slug":"","status":"publish","type":"post","link":"https:\/\/www.feuerwehr-schwetzingen.de\/?p=52764","title":{"rendered":"Einsatz 2013\/324 &#8211; auslaufendes \u00d6l"},"content":{"rendered":"<p><strong>Scheffelstra\u00dfe \/ Robert-Bosch-Str., Schwetzingen<\/strong><\/p>\n<blockquote><p>An einer Kreuzung kam es zum Zusammensto\u00df zweier PKW. Dabei liefen bei einem PKW Betriebsmittel aus. Nachdem die beiden Fahrzeuge abgeschleppt waren, wurde das K\u00fchlmittel aufgenommen und die Stra\u00dfe gereinigt.<\/p><\/blockquote>\n<table>\n<tbody>\n<tr>\n<td>Alarmzeit:<\/td>\n<td>08:48<\/td>\n<\/tr>\n<tr>\n<td>Eingesetzte Fahrzeuge:<\/td>\n<td>2<\/td>\n<\/tr>\n<tr>\n<td>Personal:<\/td>\n<td>5<\/td>\n<\/tr>\n<tr>\n<td>Einsatzende:<\/td>\n<td>09:21\n<\/td>\n<\/tr>\n<\/tbody>\n<\/table>\n","protected":false},"excerpt":{"rendered":"<p>Scheffelstra\u00dfe \/ Robert-Bosch-Str., Schwetzingen An einer Kreuzung kam es zum Zusammensto\u00df zweier PKW. Dabei liefen bei einem PKW Betriebsmittel aus. Nachdem die beiden Fahrzeuge abgeschleppt waren, wurde das K\u00fchlmittel aufgenommen und die Stra\u00dfe gereinigt. Alarmzeit: 08:48 Eingesetzte Fahrzeuge: 2 Personal: 5 Einsatzende: 09:21<\/p>\n","protected":false},"author":2,"featured_media":0,"comment_status":"open","ping_status":"open","sticky":false,"template":"","format":"standard","meta":{"ngg_post_thumbnail":0,"footnotes":""},"categories":[4],"tags":[],"class_list":["post-52764","post","type-post","status-publish","format-standard","hentry","category-einsaetze"],"_links":{"self":[{"href":"https:\/\/www.feuerwehr-schwetzingen.de\/index.php?rest_route=\/wp\/v2\/posts\/52764","targetHints":{"allow":["GET"]}}],"collection":[{"href":"https:\/\/www.feuerwehr-schwetzingen.de\/index.php?rest_route=\/wp\/v2\/posts"}],"about":[{"href":"https:\/\/www.feuerwehr-schwetzingen.de\/index.php?rest_route=\/wp\/v2\/types\/post"}],"author":[{"embeddable":true,"href":"https:\/\/www.feuerwehr-schwetzingen.de\/index.php?rest_route=\/wp\/v2\/users\/2"}],"replies":[{"embeddable":true,"href":"https:\/\/www.feuerwehr-schwetzingen.de\/index.php?rest_route=%2Fwp%2Fv2%2Fcomments&post=52764"}],"version-history":[{"count":0,"href":"https:\/\/www.feuerwehr-schwetzingen.de\/index.php?rest_route=\/wp\/v2\/posts\/52764\/revisions"}],"wp:attachment":[{"href":"https:\/\/www.feuerwehr-schwetzingen.de\/index.php?rest_route=%2Fwp%2Fv2%2Fmedia&parent=52764"}],"wp:term":[{"taxonomy":"category","embeddable":true,"href":"https:\/\/www.feuerwehr-schwetzingen.de\/index.php?rest_route=%2Fwp%2Fv2%2Fcategories&post=52764"},{"taxonomy":"post_tag","embeddable":true,"href":"https:\/\/www.feuerwehr-schwetzingen.de\/index.php?rest_route=%2Fwp%2Fv2%2Ftags&post=52764"}],"curies":[{"name":"wp","href":"https:\/\/api.w.org\/{rel}","templated":true}]}}