{"id":52765,"date":"2013-08-30T12:18:00","date_gmt":"2013-08-30T11:18:00","guid":{"rendered":"http:\/\/wordpress.feuerwehr-schwetzingen.de\/?p=52765"},"modified":"-0001-11-30T00:00:00","modified_gmt":"-0001-11-29T22:00:00","slug":"","status":"publish","type":"post","link":"https:\/\/www.feuerwehr-schwetzingen.de\/?p=52765","title":{"rendered":"Einsatz 2013\/325 &#8211; \u00d6lspur"},"content":{"rendered":"<p><strong>Stadtgebiet, Schwetzingen<\/strong><\/p>\n<blockquote><p>Stra\u00dfenverunreinigung durch Dieselkraftstoff im Bereich Bruchh\u00e4user Stra\u00dfe \/ Br\u00fcckenauf- und Abfahrt \/ Heidelberger Stra\u00dfe \/Berliner Stra\u00dfe. Feststellen des Sachverhalts. Verst\u00e4ndigung einer Fachfirma zur Nassreinigung. Ermittlung des Verursachers.<\/p><\/blockquote>\n<table>\n<tbody>\n<tr>\n<td>Alarmzeit:<\/td>\n<td>12:18<\/td>\n<\/tr>\n<tr>\n<td>Eingesetzte Fahrzeuge:<\/td>\n<td>1<\/td>\n<\/tr>\n<tr>\n<td>Personal:<\/td>\n<td>2<\/td>\n<\/tr>\n<tr>\n<td>Einsatzende:<\/td>\n<td>14:23\n<\/td>\n<\/tr>\n<\/tbody>\n<\/table>\n","protected":false},"excerpt":{"rendered":"<p>Stadtgebiet, Schwetzingen Stra\u00dfenverunreinigung durch Dieselkraftstoff im Bereich Bruchh\u00e4user Stra\u00dfe \/ Br\u00fcckenauf- und Abfahrt \/ Heidelberger Stra\u00dfe \/Berliner Stra\u00dfe. Feststellen des Sachverhalts. Verst\u00e4ndigung einer Fachfirma zur Nassreinigung. Ermittlung des Verursachers. Alarmzeit: 12:18 Eingesetzte Fahrzeuge: 1 Personal: 2 Einsatzende: 14:23<\/p>\n","protected":false},"author":2,"featured_media":0,"comment_status":"open","ping_status":"open","sticky":false,"template":"","format":"standard","meta":{"ngg_post_thumbnail":0,"footnotes":""},"categories":[4],"tags":[],"class_list":["post-52765","post","type-post","status-publish","format-standard","hentry","category-einsaetze"],"_links":{"self":[{"href":"https:\/\/www.feuerwehr-schwetzingen.de\/index.php?rest_route=\/wp\/v2\/posts\/52765","targetHints":{"allow":["GET"]}}],"collection":[{"href":"https:\/\/www.feuerwehr-schwetzingen.de\/index.php?rest_route=\/wp\/v2\/posts"}],"about":[{"href":"https:\/\/www.feuerwehr-schwetzingen.de\/index.php?rest_route=\/wp\/v2\/types\/post"}],"author":[{"embeddable":true,"href":"https:\/\/www.feuerwehr-schwetzingen.de\/index.php?rest_route=\/wp\/v2\/users\/2"}],"replies":[{"embeddable":true,"href":"https:\/\/www.feuerwehr-schwetzingen.de\/index.php?rest_route=%2Fwp%2Fv2%2Fcomments&post=52765"}],"version-history":[{"count":0,"href":"https:\/\/www.feuerwehr-schwetzingen.de\/index.php?rest_route=\/wp\/v2\/posts\/52765\/revisions"}],"wp:attachment":[{"href":"https:\/\/www.feuerwehr-schwetzingen.de\/index.php?rest_route=%2Fwp%2Fv2%2Fmedia&parent=52765"}],"wp:term":[{"taxonomy":"category","embeddable":true,"href":"https:\/\/www.feuerwehr-schwetzingen.de\/index.php?rest_route=%2Fwp%2Fv2%2Fcategories&post=52765"},{"taxonomy":"post_tag","embeddable":true,"href":"https:\/\/www.feuerwehr-schwetzingen.de\/index.php?rest_route=%2Fwp%2Fv2%2Ftags&post=52765"}],"curies":[{"name":"wp","href":"https:\/\/api.w.org\/{rel}","templated":true}]}}