{"id":52768,"date":"2013-09-03T18:06:00","date_gmt":"2013-09-03T17:06:00","guid":{"rendered":"http:\/\/wordpress.feuerwehr-schwetzingen.de\/?p=52768"},"modified":"-0001-11-30T00:00:00","modified_gmt":"-0001-11-29T22:00:00","slug":"","status":"publish","type":"post","link":"https:\/\/www.feuerwehr-schwetzingen.de\/?p=52768","title":{"rendered":"Einsatz 2013\/328 &#8211; VU mit eingeklemmter Person"},"content":{"rendered":"<p><strong>Kreuzung Z\u00e4hringer Stra\u00dfe \/ Ketscher Landstra\u00dfe, Schwetzingen<\/strong><\/p>\n<blockquote><p>Im Kreuzungsbereich waren zwei PKW zusammengesto\u00dfen. Es war keine Person eingeklemmt. Die Einsatzstelle wurde abgesichert und nach Abschlu\u00df der Unfallaufnahme gereinigt.<\/p><\/blockquote>\n<table>\n<tbody>\n<tr>\n<td>Alarmzeit:<\/td>\n<td>18:06<\/td>\n<\/tr>\n<tr>\n<td>Eingesetzte Fahrzeuge:<\/td>\n<td>4<\/td>\n<\/tr>\n<tr>\n<td>Personal:<\/td>\n<td>22<\/td>\n<\/tr>\n<tr>\n<td>Einsatzende:<\/td>\n<td>19:01\n<\/td>\n<\/tr>\n<\/tbody>\n<\/table>\n","protected":false},"excerpt":{"rendered":"<p>Kreuzung Z\u00e4hringer Stra\u00dfe \/ Ketscher Landstra\u00dfe, Schwetzingen Im Kreuzungsbereich waren zwei PKW zusammengesto\u00dfen. Es war keine Person eingeklemmt. Die Einsatzstelle wurde abgesichert und nach Abschlu\u00df der Unfallaufnahme gereinigt. Alarmzeit: 18:06 Eingesetzte Fahrzeuge: 4 Personal: 22 Einsatzende: 19:01<\/p>\n","protected":false},"author":2,"featured_media":0,"comment_status":"open","ping_status":"open","sticky":false,"template":"","format":"standard","meta":{"ngg_post_thumbnail":0,"footnotes":""},"categories":[4],"tags":[],"class_list":["post-52768","post","type-post","status-publish","format-standard","hentry","category-einsaetze"],"_links":{"self":[{"href":"https:\/\/www.feuerwehr-schwetzingen.de\/index.php?rest_route=\/wp\/v2\/posts\/52768","targetHints":{"allow":["GET"]}}],"collection":[{"href":"https:\/\/www.feuerwehr-schwetzingen.de\/index.php?rest_route=\/wp\/v2\/posts"}],"about":[{"href":"https:\/\/www.feuerwehr-schwetzingen.de\/index.php?rest_route=\/wp\/v2\/types\/post"}],"author":[{"embeddable":true,"href":"https:\/\/www.feuerwehr-schwetzingen.de\/index.php?rest_route=\/wp\/v2\/users\/2"}],"replies":[{"embeddable":true,"href":"https:\/\/www.feuerwehr-schwetzingen.de\/index.php?rest_route=%2Fwp%2Fv2%2Fcomments&post=52768"}],"version-history":[{"count":0,"href":"https:\/\/www.feuerwehr-schwetzingen.de\/index.php?rest_route=\/wp\/v2\/posts\/52768\/revisions"}],"wp:attachment":[{"href":"https:\/\/www.feuerwehr-schwetzingen.de\/index.php?rest_route=%2Fwp%2Fv2%2Fmedia&parent=52768"}],"wp:term":[{"taxonomy":"category","embeddable":true,"href":"https:\/\/www.feuerwehr-schwetzingen.de\/index.php?rest_route=%2Fwp%2Fv2%2Fcategories&post=52768"},{"taxonomy":"post_tag","embeddable":true,"href":"https:\/\/www.feuerwehr-schwetzingen.de\/index.php?rest_route=%2Fwp%2Fv2%2Ftags&post=52768"}],"curies":[{"name":"wp","href":"https:\/\/api.w.org\/{rel}","templated":true}]}}