{"id":52774,"date":"2013-09-13T14:44:00","date_gmt":"2013-09-13T13:44:00","guid":{"rendered":"http:\/\/wordpress.feuerwehr-schwetzingen.de\/?p=52774"},"modified":"-0001-11-30T00:00:00","modified_gmt":"-0001-11-29T22:00:00","slug":"","status":"publish","type":"post","link":"https:\/\/www.feuerwehr-schwetzingen.de\/?p=52774","title":{"rendered":"Einsatz 2013\/334 &#8211; PKW Brand"},"content":{"rendered":"<p><strong>B291, Oftersheim <\/strong><\/p>\n<blockquote><p>Nach einem Verkehrsunfall mit drei Fahrzeugen brannte bei einem Fahrzeug der Motorraum. Zur Unterst\u00fctzung der \u00f6rtlich zust\u00e4ndigen Feuerwehr Oftersheim erfolgte eine beschleunigte Anfahrt. Beim Eintreffen an der Einsatzstelle war der Brand bereits von Polizeibeamten gel\u00f6scht und die Verletzten wurden vom Rettungsdienst versorgt. Die Unfallstelle wurde weitr\u00e4umig abgesichert.<\/p><\/blockquote>\n<table>\n<tbody>\n<tr>\n<td>Alarmzeit:<\/td>\n<td>14:44<\/td>\n<\/tr>\n<tr>\n<td>Eingesetzte Fahrzeuge:<\/td>\n<td>3<\/td>\n<\/tr>\n<tr>\n<td>Personal:<\/td>\n<td>14<\/td>\n<\/tr>\n<tr>\n<td>Einsatzende:<\/td>\n<td>16:10\n<\/td>\n<\/tr>\n<\/tbody>\n<\/table>\n","protected":false},"excerpt":{"rendered":"<p>B291, Oftersheim Nach einem Verkehrsunfall mit drei Fahrzeugen brannte bei einem Fahrzeug der Motorraum. Zur Unterst\u00fctzung der \u00f6rtlich zust\u00e4ndigen Feuerwehr Oftersheim erfolgte eine beschleunigte Anfahrt. Beim Eintreffen an der Einsatzstelle war der Brand bereits von Polizeibeamten gel\u00f6scht und die Verletzten wurden vom Rettungsdienst versorgt. Die Unfallstelle wurde weitr\u00e4umig abgesichert. Alarmzeit: 14:44 Eingesetzte Fahrzeuge: 3 Personal: &hellip; <\/p>\n<p class=\"link-more\"><a href=\"https:\/\/www.feuerwehr-schwetzingen.de\/?p=52774\" class=\"more-link\"><span class=\"screen-reader-text\">\u201eEinsatz 2013\/334 &#8211; PKW Brand\u201c<\/span> weiterlesen<\/a><\/p>\n","protected":false},"author":2,"featured_media":0,"comment_status":"open","ping_status":"open","sticky":false,"template":"","format":"standard","meta":{"ngg_post_thumbnail":0,"footnotes":""},"categories":[4],"tags":[],"class_list":["post-52774","post","type-post","status-publish","format-standard","hentry","category-einsaetze"],"_links":{"self":[{"href":"https:\/\/www.feuerwehr-schwetzingen.de\/index.php?rest_route=\/wp\/v2\/posts\/52774","targetHints":{"allow":["GET"]}}],"collection":[{"href":"https:\/\/www.feuerwehr-schwetzingen.de\/index.php?rest_route=\/wp\/v2\/posts"}],"about":[{"href":"https:\/\/www.feuerwehr-schwetzingen.de\/index.php?rest_route=\/wp\/v2\/types\/post"}],"author":[{"embeddable":true,"href":"https:\/\/www.feuerwehr-schwetzingen.de\/index.php?rest_route=\/wp\/v2\/users\/2"}],"replies":[{"embeddable":true,"href":"https:\/\/www.feuerwehr-schwetzingen.de\/index.php?rest_route=%2Fwp%2Fv2%2Fcomments&post=52774"}],"version-history":[{"count":0,"href":"https:\/\/www.feuerwehr-schwetzingen.de\/index.php?rest_route=\/wp\/v2\/posts\/52774\/revisions"}],"wp:attachment":[{"href":"https:\/\/www.feuerwehr-schwetzingen.de\/index.php?rest_route=%2Fwp%2Fv2%2Fmedia&parent=52774"}],"wp:term":[{"taxonomy":"category","embeddable":true,"href":"https:\/\/www.feuerwehr-schwetzingen.de\/index.php?rest_route=%2Fwp%2Fv2%2Fcategories&post=52774"},{"taxonomy":"post_tag","embeddable":true,"href":"https:\/\/www.feuerwehr-schwetzingen.de\/index.php?rest_route=%2Fwp%2Fv2%2Ftags&post=52774"}],"curies":[{"name":"wp","href":"https:\/\/api.w.org\/{rel}","templated":true}]}}