{"id":52777,"date":"2013-09-17T11:12:00","date_gmt":"2013-09-17T10:12:00","guid":{"rendered":"http:\/\/wordpress.feuerwehr-schwetzingen.de\/?p=52777"},"modified":"-0001-11-30T00:00:00","modified_gmt":"-0001-11-29T22:00:00","slug":"","status":"publish","type":"post","link":"https:\/\/www.feuerwehr-schwetzingen.de\/?p=52777","title":{"rendered":"Einsatz 2013\/337 &#8211; Brandmeldeanlage"},"content":{"rendered":"<p><strong>Decathlon, Grenzh\u00f6ferstra\u00dfe, Schwetzingen<\/strong><\/p>\n<blockquote><p>Nach Eintreffen an der Einsatzstelle wurde festgestellt, dass es sich um eine angek\u00fcndigte R\u00e4umungs\u00fcbung handellte. Aufgrund eines Missverst\u00e4ndnisses wurde diese Tatsache in der Leitstelle nicht zur Kenntnis geommen und es kam zu der Alarmierung. Feststellen des Sachverhaltes und scharfstellen der Brandmeldeanlage.<\/p><\/blockquote>\n<table>\n<tbody>\n<tr>\n<td>Alarmzeit:<\/td>\n<td>11:12<\/td>\n<\/tr>\n<tr>\n<td>Eingesetzte Fahrzeuge:<\/td>\n<td>2<\/td>\n<\/tr>\n<tr>\n<td>Personal:<\/td>\n<td>12<\/td>\n<\/tr>\n<tr>\n<td>Einsatzende:<\/td>\n<td>11:42\n<\/td>\n<\/tr>\n<\/tbody>\n<\/table>\n","protected":false},"excerpt":{"rendered":"<p>Decathlon, Grenzh\u00f6ferstra\u00dfe, Schwetzingen Nach Eintreffen an der Einsatzstelle wurde festgestellt, dass es sich um eine angek\u00fcndigte R\u00e4umungs\u00fcbung handellte. Aufgrund eines Missverst\u00e4ndnisses wurde diese Tatsache in der Leitstelle nicht zur Kenntnis geommen und es kam zu der Alarmierung. Feststellen des Sachverhaltes und scharfstellen der Brandmeldeanlage. Alarmzeit: 11:12 Eingesetzte Fahrzeuge: 2 Personal: 12 Einsatzende: 11:42<\/p>\n","protected":false},"author":2,"featured_media":0,"comment_status":"open","ping_status":"open","sticky":false,"template":"","format":"standard","meta":{"ngg_post_thumbnail":0,"footnotes":""},"categories":[4],"tags":[],"class_list":["post-52777","post","type-post","status-publish","format-standard","hentry","category-einsaetze"],"_links":{"self":[{"href":"https:\/\/www.feuerwehr-schwetzingen.de\/index.php?rest_route=\/wp\/v2\/posts\/52777","targetHints":{"allow":["GET"]}}],"collection":[{"href":"https:\/\/www.feuerwehr-schwetzingen.de\/index.php?rest_route=\/wp\/v2\/posts"}],"about":[{"href":"https:\/\/www.feuerwehr-schwetzingen.de\/index.php?rest_route=\/wp\/v2\/types\/post"}],"author":[{"embeddable":true,"href":"https:\/\/www.feuerwehr-schwetzingen.de\/index.php?rest_route=\/wp\/v2\/users\/2"}],"replies":[{"embeddable":true,"href":"https:\/\/www.feuerwehr-schwetzingen.de\/index.php?rest_route=%2Fwp%2Fv2%2Fcomments&post=52777"}],"version-history":[{"count":0,"href":"https:\/\/www.feuerwehr-schwetzingen.de\/index.php?rest_route=\/wp\/v2\/posts\/52777\/revisions"}],"wp:attachment":[{"href":"https:\/\/www.feuerwehr-schwetzingen.de\/index.php?rest_route=%2Fwp%2Fv2%2Fmedia&parent=52777"}],"wp:term":[{"taxonomy":"category","embeddable":true,"href":"https:\/\/www.feuerwehr-schwetzingen.de\/index.php?rest_route=%2Fwp%2Fv2%2Fcategories&post=52777"},{"taxonomy":"post_tag","embeddable":true,"href":"https:\/\/www.feuerwehr-schwetzingen.de\/index.php?rest_route=%2Fwp%2Fv2%2Ftags&post=52777"}],"curies":[{"name":"wp","href":"https:\/\/api.w.org\/{rel}","templated":true}]}}