{"id":52778,"date":"2013-09-19T11:55:00","date_gmt":"2013-09-19T10:55:00","guid":{"rendered":"http:\/\/wordpress.feuerwehr-schwetzingen.de\/?p=52778"},"modified":"-0001-11-30T00:00:00","modified_gmt":"-0001-11-29T22:00:00","slug":"","status":"publish","type":"post","link":"https:\/\/www.feuerwehr-schwetzingen.de\/?p=52778","title":{"rendered":"Einsatz 2013\/338 &#8211; \u00d6lspur"},"content":{"rendered":"<p><strong>K 4250, B 291, B 36, L722, Schwetzingen<\/strong><\/p>\n<blockquote><p>Zun\u00e4chst wurde eine Sta\u00dfenverunreinigung auf der B 36  zwischen der L 722 und der Autobahnanschlu\u00dfstelle Hockenheim\/Schwetzingen gemeldet. Die zust\u00e4ndige Stra\u00dfenmeisterei wurde informiert und \u00fcbernahm die Einsatzstelle. Im Zuge der Abarbeitung stellte die Stra\u00dfenmeisterei wiederum fest, da\u00df sich die Stra\u00dfenverunreinigung bis in das Stadtgebiet zog. Es wurde letztendlich eine Fachfirma mit der Nassreinigung beauftragt.<\/p><\/blockquote>\n<table>\n<tbody>\n<tr>\n<td>Alarmzeit:<\/td>\n<td>11:55<\/td>\n<\/tr>\n<tr>\n<td>Eingesetzte Fahrzeuge:<\/td>\n<td>1<\/td>\n<\/tr>\n<tr>\n<td>Personal:<\/td>\n<td>3<\/td>\n<\/tr>\n<tr>\n<td>Einsatzende:<\/td>\n<td>12:20\n<\/td>\n<\/tr>\n<\/tbody>\n<\/table>\n","protected":false},"excerpt":{"rendered":"<p>K 4250, B 291, B 36, L722, Schwetzingen Zun\u00e4chst wurde eine Sta\u00dfenverunreinigung auf der B 36 zwischen der L 722 und der Autobahnanschlu\u00dfstelle Hockenheim\/Schwetzingen gemeldet. Die zust\u00e4ndige Stra\u00dfenmeisterei wurde informiert und \u00fcbernahm die Einsatzstelle. Im Zuge der Abarbeitung stellte die Stra\u00dfenmeisterei wiederum fest, da\u00df sich die Stra\u00dfenverunreinigung bis in das Stadtgebiet zog. Es wurde letztendlich &hellip; <\/p>\n<p class=\"link-more\"><a href=\"https:\/\/www.feuerwehr-schwetzingen.de\/?p=52778\" class=\"more-link\"><span class=\"screen-reader-text\">\u201eEinsatz 2013\/338 &#8211; \u00d6lspur\u201c<\/span> weiterlesen<\/a><\/p>\n","protected":false},"author":2,"featured_media":0,"comment_status":"open","ping_status":"open","sticky":false,"template":"","format":"standard","meta":{"ngg_post_thumbnail":0,"footnotes":""},"categories":[4],"tags":[],"class_list":["post-52778","post","type-post","status-publish","format-standard","hentry","category-einsaetze"],"_links":{"self":[{"href":"https:\/\/www.feuerwehr-schwetzingen.de\/index.php?rest_route=\/wp\/v2\/posts\/52778","targetHints":{"allow":["GET"]}}],"collection":[{"href":"https:\/\/www.feuerwehr-schwetzingen.de\/index.php?rest_route=\/wp\/v2\/posts"}],"about":[{"href":"https:\/\/www.feuerwehr-schwetzingen.de\/index.php?rest_route=\/wp\/v2\/types\/post"}],"author":[{"embeddable":true,"href":"https:\/\/www.feuerwehr-schwetzingen.de\/index.php?rest_route=\/wp\/v2\/users\/2"}],"replies":[{"embeddable":true,"href":"https:\/\/www.feuerwehr-schwetzingen.de\/index.php?rest_route=%2Fwp%2Fv2%2Fcomments&post=52778"}],"version-history":[{"count":0,"href":"https:\/\/www.feuerwehr-schwetzingen.de\/index.php?rest_route=\/wp\/v2\/posts\/52778\/revisions"}],"wp:attachment":[{"href":"https:\/\/www.feuerwehr-schwetzingen.de\/index.php?rest_route=%2Fwp%2Fv2%2Fmedia&parent=52778"}],"wp:term":[{"taxonomy":"category","embeddable":true,"href":"https:\/\/www.feuerwehr-schwetzingen.de\/index.php?rest_route=%2Fwp%2Fv2%2Fcategories&post=52778"},{"taxonomy":"post_tag","embeddable":true,"href":"https:\/\/www.feuerwehr-schwetzingen.de\/index.php?rest_route=%2Fwp%2Fv2%2Ftags&post=52778"}],"curies":[{"name":"wp","href":"https:\/\/api.w.org\/{rel}","templated":true}]}}