{"id":52781,"date":"2013-09-25T12:40:00","date_gmt":"2013-09-25T11:40:00","guid":{"rendered":"http:\/\/wordpress.feuerwehr-schwetzingen.de\/?p=52781"},"modified":"-0001-11-30T00:00:00","modified_gmt":"-0001-11-29T22:00:00","slug":"","status":"publish","type":"post","link":"https:\/\/www.feuerwehr-schwetzingen.de\/?p=52781","title":{"rendered":"Einsatz 2013\/341 &#8211; \u00d6lspur"},"content":{"rendered":"<p><strong>Mannheimer Str., Schwetzingen<\/strong><\/p>\n<blockquote><p>Der Gemeindevollzugsdienst informierte \u00fcber eine Stra\u00dfenverunreingung. Vor Ort wurde festgestellt, da\u00df die Verunreingung aus Fruchtsaft bestand. Urs\u00e4chlich war ein Verkehrsunfall an dieser Stelle,  welcher bereits einige Stunden zur\u00fccklag. zur Fahrbahnreinigung wurde eine Fachfirma hinzu gezogen. <\/p><\/blockquote>\n<table>\n<tbody>\n<tr>\n<td>Alarmzeit:<\/td>\n<td>12:40<\/td>\n<\/tr>\n<tr>\n<td>Eingesetzte Fahrzeuge:<\/td>\n<td>1<\/td>\n<\/tr>\n<tr>\n<td>Personal:<\/td>\n<td>3<\/td>\n<\/tr>\n<tr>\n<td>Einsatzende:<\/td>\n<td>14:23\n<\/td>\n<\/tr>\n<\/tbody>\n<\/table>\n","protected":false},"excerpt":{"rendered":"<p>Mannheimer Str., Schwetzingen Der Gemeindevollzugsdienst informierte \u00fcber eine Stra\u00dfenverunreingung. Vor Ort wurde festgestellt, da\u00df die Verunreingung aus Fruchtsaft bestand. Urs\u00e4chlich war ein Verkehrsunfall an dieser Stelle, welcher bereits einige Stunden zur\u00fccklag. zur Fahrbahnreinigung wurde eine Fachfirma hinzu gezogen. Alarmzeit: 12:40 Eingesetzte Fahrzeuge: 1 Personal: 3 Einsatzende: 14:23<\/p>\n","protected":false},"author":2,"featured_media":0,"comment_status":"open","ping_status":"open","sticky":false,"template":"","format":"standard","meta":{"ngg_post_thumbnail":0,"footnotes":""},"categories":[4],"tags":[],"class_list":["post-52781","post","type-post","status-publish","format-standard","hentry","category-einsaetze"],"_links":{"self":[{"href":"https:\/\/www.feuerwehr-schwetzingen.de\/index.php?rest_route=\/wp\/v2\/posts\/52781","targetHints":{"allow":["GET"]}}],"collection":[{"href":"https:\/\/www.feuerwehr-schwetzingen.de\/index.php?rest_route=\/wp\/v2\/posts"}],"about":[{"href":"https:\/\/www.feuerwehr-schwetzingen.de\/index.php?rest_route=\/wp\/v2\/types\/post"}],"author":[{"embeddable":true,"href":"https:\/\/www.feuerwehr-schwetzingen.de\/index.php?rest_route=\/wp\/v2\/users\/2"}],"replies":[{"embeddable":true,"href":"https:\/\/www.feuerwehr-schwetzingen.de\/index.php?rest_route=%2Fwp%2Fv2%2Fcomments&post=52781"}],"version-history":[{"count":0,"href":"https:\/\/www.feuerwehr-schwetzingen.de\/index.php?rest_route=\/wp\/v2\/posts\/52781\/revisions"}],"wp:attachment":[{"href":"https:\/\/www.feuerwehr-schwetzingen.de\/index.php?rest_route=%2Fwp%2Fv2%2Fmedia&parent=52781"}],"wp:term":[{"taxonomy":"category","embeddable":true,"href":"https:\/\/www.feuerwehr-schwetzingen.de\/index.php?rest_route=%2Fwp%2Fv2%2Fcategories&post=52781"},{"taxonomy":"post_tag","embeddable":true,"href":"https:\/\/www.feuerwehr-schwetzingen.de\/index.php?rest_route=%2Fwp%2Fv2%2Ftags&post=52781"}],"curies":[{"name":"wp","href":"https:\/\/api.w.org\/{rel}","templated":true}]}}