{"id":52782,"date":"2013-09-26T10:42:00","date_gmt":"2013-09-26T09:42:00","guid":{"rendered":"http:\/\/wordpress.feuerwehr-schwetzingen.de\/?p=52782"},"modified":"-0001-11-30T00:00:00","modified_gmt":"-0001-11-29T22:00:00","slug":"","status":"publish","type":"post","link":"https:\/\/www.feuerwehr-schwetzingen.de\/?p=52782","title":{"rendered":"Einsatz 2013\/342 &#8211; Brandmeldeanlage"},"content":{"rendered":"<p><strong>GRN Zentrum Schwetzingen, Bodelschwinghstra\u00dfe, Schwetzingen<\/strong><\/p>\n<blockquote><p>Durch Bauarbeiten au\u00dferhalb des Geb\u00e4udes kam es zu einer Rauchentwicklung. Der Rauch zog in das Geb\u00e4ude und l\u00f6ste die Brandmeldeanlage aus. <\/p><\/blockquote>\n<table>\n<tbody>\n<tr>\n<td>Alarmzeit:<\/td>\n<td>10:42<\/td>\n<\/tr>\n<tr>\n<td>Eingesetzte Fahrzeuge:<\/td>\n<td>3<\/td>\n<\/tr>\n<tr>\n<td>Personal:<\/td>\n<td>12<\/td>\n<\/tr>\n<tr>\n<td>Einsatzende:<\/td>\n<td>11:15\n<\/td>\n<\/tr>\n<\/tbody>\n<\/table>\n","protected":false},"excerpt":{"rendered":"<p>GRN Zentrum Schwetzingen, Bodelschwinghstra\u00dfe, Schwetzingen Durch Bauarbeiten au\u00dferhalb des Geb\u00e4udes kam es zu einer Rauchentwicklung. Der Rauch zog in das Geb\u00e4ude und l\u00f6ste die Brandmeldeanlage aus. Alarmzeit: 10:42 Eingesetzte Fahrzeuge: 3 Personal: 12 Einsatzende: 11:15<\/p>\n","protected":false},"author":2,"featured_media":0,"comment_status":"open","ping_status":"open","sticky":false,"template":"","format":"standard","meta":{"ngg_post_thumbnail":0,"footnotes":""},"categories":[4],"tags":[],"class_list":["post-52782","post","type-post","status-publish","format-standard","hentry","category-einsaetze"],"_links":{"self":[{"href":"https:\/\/www.feuerwehr-schwetzingen.de\/index.php?rest_route=\/wp\/v2\/posts\/52782","targetHints":{"allow":["GET"]}}],"collection":[{"href":"https:\/\/www.feuerwehr-schwetzingen.de\/index.php?rest_route=\/wp\/v2\/posts"}],"about":[{"href":"https:\/\/www.feuerwehr-schwetzingen.de\/index.php?rest_route=\/wp\/v2\/types\/post"}],"author":[{"embeddable":true,"href":"https:\/\/www.feuerwehr-schwetzingen.de\/index.php?rest_route=\/wp\/v2\/users\/2"}],"replies":[{"embeddable":true,"href":"https:\/\/www.feuerwehr-schwetzingen.de\/index.php?rest_route=%2Fwp%2Fv2%2Fcomments&post=52782"}],"version-history":[{"count":0,"href":"https:\/\/www.feuerwehr-schwetzingen.de\/index.php?rest_route=\/wp\/v2\/posts\/52782\/revisions"}],"wp:attachment":[{"href":"https:\/\/www.feuerwehr-schwetzingen.de\/index.php?rest_route=%2Fwp%2Fv2%2Fmedia&parent=52782"}],"wp:term":[{"taxonomy":"category","embeddable":true,"href":"https:\/\/www.feuerwehr-schwetzingen.de\/index.php?rest_route=%2Fwp%2Fv2%2Fcategories&post=52782"},{"taxonomy":"post_tag","embeddable":true,"href":"https:\/\/www.feuerwehr-schwetzingen.de\/index.php?rest_route=%2Fwp%2Fv2%2Ftags&post=52782"}],"curies":[{"name":"wp","href":"https:\/\/api.w.org\/{rel}","templated":true}]}}