{"id":52788,"date":"2013-10-08T15:07:00","date_gmt":"2013-10-08T14:07:00","guid":{"rendered":"http:\/\/wordpress.feuerwehr-schwetzingen.de\/?p=52788"},"modified":"-0001-11-30T00:00:00","modified_gmt":"-0001-11-29T22:00:00","slug":"","status":"publish","type":"post","link":"https:\/\/www.feuerwehr-schwetzingen.de\/?p=52788","title":{"rendered":"Einsatz 2013\/348 &#8211; Wohnungsbrand"},"content":{"rendered":"<p><strong>Moltkestra\u00dfe, Oftersheim<\/strong><\/p>\n<blockquote><p>Im ersten Obergescho\u00df eines Wohnhauses brannte die K\u00fcche. Der Brand wurde mit zwei C-Rohren gel\u00f6scht. Mittels der W\u00e4rmebildkamera wurden noch Nachl\u00f6scharbeiten durchgef\u00fchrt. Dabei kam auch die Absturzsicherung zum Einsatz. Abschlie\u00dfend wurden Bel\u00fcftungsma\u00dfnahmen durchgef\u00fchrt.<\/p><\/blockquote>\n<table>\n<tbody>\n<tr>\n<td>Alarmzeit:<\/td>\n<td>15:07<\/td>\n<\/tr>\n<tr>\n<td>Eingesetzte Fahrzeuge:<\/td>\n<td>4<\/td>\n<\/tr>\n<tr>\n<td>Personal:<\/td>\n<td>18<\/td>\n<\/tr>\n<tr>\n<td>Einsatzende:<\/td>\n<td>18:30\n<\/td>\n<\/tr>\n<\/tbody>\n<\/table>\n","protected":false},"excerpt":{"rendered":"<p>Moltkestra\u00dfe, Oftersheim Im ersten Obergescho\u00df eines Wohnhauses brannte die K\u00fcche. Der Brand wurde mit zwei C-Rohren gel\u00f6scht. Mittels der W\u00e4rmebildkamera wurden noch Nachl\u00f6scharbeiten durchgef\u00fchrt. Dabei kam auch die Absturzsicherung zum Einsatz. Abschlie\u00dfend wurden Bel\u00fcftungsma\u00dfnahmen durchgef\u00fchrt. Alarmzeit: 15:07 Eingesetzte Fahrzeuge: 4 Personal: 18 Einsatzende: 18:30<\/p>\n","protected":false},"author":2,"featured_media":0,"comment_status":"open","ping_status":"open","sticky":false,"template":"","format":"standard","meta":{"ngg_post_thumbnail":0,"footnotes":""},"categories":[4],"tags":[],"class_list":["post-52788","post","type-post","status-publish","format-standard","hentry","category-einsaetze"],"_links":{"self":[{"href":"https:\/\/www.feuerwehr-schwetzingen.de\/index.php?rest_route=\/wp\/v2\/posts\/52788","targetHints":{"allow":["GET"]}}],"collection":[{"href":"https:\/\/www.feuerwehr-schwetzingen.de\/index.php?rest_route=\/wp\/v2\/posts"}],"about":[{"href":"https:\/\/www.feuerwehr-schwetzingen.de\/index.php?rest_route=\/wp\/v2\/types\/post"}],"author":[{"embeddable":true,"href":"https:\/\/www.feuerwehr-schwetzingen.de\/index.php?rest_route=\/wp\/v2\/users\/2"}],"replies":[{"embeddable":true,"href":"https:\/\/www.feuerwehr-schwetzingen.de\/index.php?rest_route=%2Fwp%2Fv2%2Fcomments&post=52788"}],"version-history":[{"count":0,"href":"https:\/\/www.feuerwehr-schwetzingen.de\/index.php?rest_route=\/wp\/v2\/posts\/52788\/revisions"}],"wp:attachment":[{"href":"https:\/\/www.feuerwehr-schwetzingen.de\/index.php?rest_route=%2Fwp%2Fv2%2Fmedia&parent=52788"}],"wp:term":[{"taxonomy":"category","embeddable":true,"href":"https:\/\/www.feuerwehr-schwetzingen.de\/index.php?rest_route=%2Fwp%2Fv2%2Fcategories&post=52788"},{"taxonomy":"post_tag","embeddable":true,"href":"https:\/\/www.feuerwehr-schwetzingen.de\/index.php?rest_route=%2Fwp%2Fv2%2Ftags&post=52788"}],"curies":[{"name":"wp","href":"https:\/\/api.w.org\/{rel}","templated":true}]}}