{"id":52795,"date":"2013-10-12T19:31:00","date_gmt":"2013-10-12T18:31:00","guid":{"rendered":"http:\/\/wordpress.feuerwehr-schwetzingen.de\/?p=52795"},"modified":"-0001-11-30T00:00:00","modified_gmt":"-0001-11-29T22:00:00","slug":"","status":"publish","type":"post","link":"https:\/\/www.feuerwehr-schwetzingen.de\/?p=52795","title":{"rendered":"Einsatz 2013\/355 &#8211; auslaufendes \u00d6l"},"content":{"rendered":"<p><strong>L630 Richtung Br\u00fchl, Schwetzingen<\/strong><\/p>\n<blockquote><p>Nach einem Zusammentso\u00df zweier PKW liefen an beiden Fahrzeugen Betriebsstoffe aus. Zur Sicherstellung des Brandschutzes und der Ausleuchtung der Unfallstelle wurde zun\u00e4chst die FF Br\u00fchl von der ILS alarmiert, obwohl sie sich auf Gemarkung Schwetzingen befand. \u00fcber die Stra\u00dfenmeisterei wurde eine Fachfirma zur Nassreinigung informiert.<\/p><\/blockquote>\n<table>\n<tbody>\n<tr>\n<td>Alarmzeit:<\/td>\n<td>19:31<\/td>\n<\/tr>\n<tr>\n<td>Eingesetzte Fahrzeuge:<\/td>\n<td>1<\/td>\n<\/tr>\n<tr>\n<td>Personal:<\/td>\n<td>1<\/td>\n<\/tr>\n<tr>\n<td>Einsatzende:<\/td>\n<td>20:54\n<\/td>\n<\/tr>\n<\/tbody>\n<\/table>\n","protected":false},"excerpt":{"rendered":"<p>L630 Richtung Br\u00fchl, Schwetzingen Nach einem Zusammentso\u00df zweier PKW liefen an beiden Fahrzeugen Betriebsstoffe aus. Zur Sicherstellung des Brandschutzes und der Ausleuchtung der Unfallstelle wurde zun\u00e4chst die FF Br\u00fchl von der ILS alarmiert, obwohl sie sich auf Gemarkung Schwetzingen befand. \u00fcber die Stra\u00dfenmeisterei wurde eine Fachfirma zur Nassreinigung informiert. Alarmzeit: 19:31 Eingesetzte Fahrzeuge: 1 Personal: &hellip; <\/p>\n<p class=\"link-more\"><a href=\"https:\/\/www.feuerwehr-schwetzingen.de\/?p=52795\" class=\"more-link\"><span class=\"screen-reader-text\">\u201eEinsatz 2013\/355 &#8211; auslaufendes \u00d6l\u201c<\/span> weiterlesen<\/a><\/p>\n","protected":false},"author":2,"featured_media":0,"comment_status":"open","ping_status":"open","sticky":false,"template":"","format":"standard","meta":{"ngg_post_thumbnail":0,"footnotes":""},"categories":[4],"tags":[],"class_list":["post-52795","post","type-post","status-publish","format-standard","hentry","category-einsaetze"],"_links":{"self":[{"href":"https:\/\/www.feuerwehr-schwetzingen.de\/index.php?rest_route=\/wp\/v2\/posts\/52795","targetHints":{"allow":["GET"]}}],"collection":[{"href":"https:\/\/www.feuerwehr-schwetzingen.de\/index.php?rest_route=\/wp\/v2\/posts"}],"about":[{"href":"https:\/\/www.feuerwehr-schwetzingen.de\/index.php?rest_route=\/wp\/v2\/types\/post"}],"author":[{"embeddable":true,"href":"https:\/\/www.feuerwehr-schwetzingen.de\/index.php?rest_route=\/wp\/v2\/users\/2"}],"replies":[{"embeddable":true,"href":"https:\/\/www.feuerwehr-schwetzingen.de\/index.php?rest_route=%2Fwp%2Fv2%2Fcomments&post=52795"}],"version-history":[{"count":0,"href":"https:\/\/www.feuerwehr-schwetzingen.de\/index.php?rest_route=\/wp\/v2\/posts\/52795\/revisions"}],"wp:attachment":[{"href":"https:\/\/www.feuerwehr-schwetzingen.de\/index.php?rest_route=%2Fwp%2Fv2%2Fmedia&parent=52795"}],"wp:term":[{"taxonomy":"category","embeddable":true,"href":"https:\/\/www.feuerwehr-schwetzingen.de\/index.php?rest_route=%2Fwp%2Fv2%2Fcategories&post=52795"},{"taxonomy":"post_tag","embeddable":true,"href":"https:\/\/www.feuerwehr-schwetzingen.de\/index.php?rest_route=%2Fwp%2Fv2%2Ftags&post=52795"}],"curies":[{"name":"wp","href":"https:\/\/api.w.org\/{rel}","templated":true}]}}