{"id":54863,"date":"2018-01-01T00:41:00","date_gmt":"2017-12-31T23:41:00","guid":{"rendered":"http:\/\/wordpress.feuerwehr-schwetzingen.de\/?p=54863"},"modified":"-0001-11-30T00:00:00","modified_gmt":"-0001-11-29T22:00:00","slug":"","status":"publish","type":"post","link":"https:\/\/www.feuerwehr-schwetzingen.de\/?p=54863","title":{"rendered":"Einsatz 2018\/002 &#8211; F1 undefiniertes Kleinfeuer \/ Fl\u00e4chenbrand"},"content":{"rendered":"<p><strong>Essener Stra\u00dfe, Schwetzingen<\/strong><\/p>\n<blockquote><p>Es brannte eine Fl\u00e4che von ca. 15-20 m\u00b2. \u00dcber eine Leiter konnte Zugang zu dem Grundst\u00fcck erlangt werden. Feuer mit dem Schnellangriff gel\u00f6scht.<\/p><\/blockquote>\n<table>\n<tbody>\n<tr>\n<td>Alarmzeit:<\/td>\n<td>00:41<\/td>\n<\/tr>\n<tr>\n<td>Eingesetzte Fahrzeuge:<\/td>\n<td>3<\/td>\n<\/tr>\n<tr>\n<td>Personal:<\/td>\n<td>16<\/td>\n<\/tr>\n<tr>\n<td>Einsatzende:<\/td>\n<td>01:15\n<\/td>\n<\/tr>\n<\/tbody>\n<\/table>\n","protected":false},"excerpt":{"rendered":"<p>Essener Stra\u00dfe, Schwetzingen Es brannte eine Fl\u00e4che von ca. 15-20 m\u00b2. \u00dcber eine Leiter konnte Zugang zu dem Grundst\u00fcck erlangt werden. Feuer mit dem Schnellangriff gel\u00f6scht. Alarmzeit: 00:41 Eingesetzte Fahrzeuge: 3 Personal: 16 Einsatzende: 01:15<\/p>\n","protected":false},"author":2,"featured_media":0,"comment_status":"open","ping_status":"open","sticky":false,"template":"","format":"standard","meta":{"ngg_post_thumbnail":0,"footnotes":""},"categories":[4],"tags":[],"class_list":["post-54863","post","type-post","status-publish","format-standard","hentry","category-einsaetze"],"_links":{"self":[{"href":"https:\/\/www.feuerwehr-schwetzingen.de\/index.php?rest_route=\/wp\/v2\/posts\/54863","targetHints":{"allow":["GET"]}}],"collection":[{"href":"https:\/\/www.feuerwehr-schwetzingen.de\/index.php?rest_route=\/wp\/v2\/posts"}],"about":[{"href":"https:\/\/www.feuerwehr-schwetzingen.de\/index.php?rest_route=\/wp\/v2\/types\/post"}],"author":[{"embeddable":true,"href":"https:\/\/www.feuerwehr-schwetzingen.de\/index.php?rest_route=\/wp\/v2\/users\/2"}],"replies":[{"embeddable":true,"href":"https:\/\/www.feuerwehr-schwetzingen.de\/index.php?rest_route=%2Fwp%2Fv2%2Fcomments&post=54863"}],"version-history":[{"count":0,"href":"https:\/\/www.feuerwehr-schwetzingen.de\/index.php?rest_route=\/wp\/v2\/posts\/54863\/revisions"}],"wp:attachment":[{"href":"https:\/\/www.feuerwehr-schwetzingen.de\/index.php?rest_route=%2Fwp%2Fv2%2Fmedia&parent=54863"}],"wp:term":[{"taxonomy":"category","embeddable":true,"href":"https:\/\/www.feuerwehr-schwetzingen.de\/index.php?rest_route=%2Fwp%2Fv2%2Fcategories&post=54863"},{"taxonomy":"post_tag","embeddable":true,"href":"https:\/\/www.feuerwehr-schwetzingen.de\/index.php?rest_route=%2Fwp%2Fv2%2Ftags&post=54863"}],"curies":[{"name":"wp","href":"https:\/\/api.w.org\/{rel}","templated":true}]}}