{"id":54868,"date":"2018-01-02T11:06:00","date_gmt":"2018-01-02T10:06:00","guid":{"rendered":"http:\/\/wordpress.feuerwehr-schwetzingen.de\/?p=54868"},"modified":"-0001-11-30T00:00:00","modified_gmt":"-0001-11-29T22:00:00","slug":"","status":"publish","type":"post","link":"https:\/\/www.feuerwehr-schwetzingen.de\/?p=54868","title":{"rendered":"Einsatz 2018\/007 &#8211; F1 Fahrzeugbrand \/ Fahrzeugbrand"},"content":{"rendered":"<p><strong>BAB6, HN -> MA, H\u00f6he AS MA\/Schwetzingen, Schwetzingen<\/strong><\/p>\n<blockquote><p>Beim Eintreffen an der Einsatzstelle war der Brand bereits mit einem Pulverl\u00f6scher abgel\u00f6scht worden. Keine T\u00e4tigkeit f\u00fcr die FF Schwetzingen, Einsatzstelle an BF Mannheim \u00fcbergeben.<\/p><\/blockquote>\n<table>\n<tbody>\n<tr>\n<td>Alarmzeit:<\/td>\n<td>11:06<\/td>\n<\/tr>\n<tr>\n<td>Eingesetzte Fahrzeuge:<\/td>\n<td>4<\/td>\n<\/tr>\n<tr>\n<td>Personal:<\/td>\n<td>21<\/td>\n<\/tr>\n<tr>\n<td>Einsatzende:<\/td>\n<td>11:51\n<\/td>\n<\/tr>\n<\/tbody>\n<\/table>\n","protected":false},"excerpt":{"rendered":"<p>BAB6, HN -> MA, H\u00f6he AS MA\/Schwetzingen, Schwetzingen Beim Eintreffen an der Einsatzstelle war der Brand bereits mit einem Pulverl\u00f6scher abgel\u00f6scht worden. Keine T\u00e4tigkeit f\u00fcr die FF Schwetzingen, Einsatzstelle an BF Mannheim \u00fcbergeben. Alarmzeit: 11:06 Eingesetzte Fahrzeuge: 4 Personal: 21 Einsatzende: 11:51<\/p>\n","protected":false},"author":2,"featured_media":0,"comment_status":"open","ping_status":"open","sticky":false,"template":"","format":"standard","meta":{"ngg_post_thumbnail":0,"footnotes":""},"categories":[4],"tags":[],"class_list":["post-54868","post","type-post","status-publish","format-standard","hentry","category-einsaetze"],"_links":{"self":[{"href":"https:\/\/www.feuerwehr-schwetzingen.de\/index.php?rest_route=\/wp\/v2\/posts\/54868","targetHints":{"allow":["GET"]}}],"collection":[{"href":"https:\/\/www.feuerwehr-schwetzingen.de\/index.php?rest_route=\/wp\/v2\/posts"}],"about":[{"href":"https:\/\/www.feuerwehr-schwetzingen.de\/index.php?rest_route=\/wp\/v2\/types\/post"}],"author":[{"embeddable":true,"href":"https:\/\/www.feuerwehr-schwetzingen.de\/index.php?rest_route=\/wp\/v2\/users\/2"}],"replies":[{"embeddable":true,"href":"https:\/\/www.feuerwehr-schwetzingen.de\/index.php?rest_route=%2Fwp%2Fv2%2Fcomments&post=54868"}],"version-history":[{"count":0,"href":"https:\/\/www.feuerwehr-schwetzingen.de\/index.php?rest_route=\/wp\/v2\/posts\/54868\/revisions"}],"wp:attachment":[{"href":"https:\/\/www.feuerwehr-schwetzingen.de\/index.php?rest_route=%2Fwp%2Fv2%2Fmedia&parent=54868"}],"wp:term":[{"taxonomy":"category","embeddable":true,"href":"https:\/\/www.feuerwehr-schwetzingen.de\/index.php?rest_route=%2Fwp%2Fv2%2Fcategories&post=54868"},{"taxonomy":"post_tag","embeddable":true,"href":"https:\/\/www.feuerwehr-schwetzingen.de\/index.php?rest_route=%2Fwp%2Fv2%2Ftags&post=54868"}],"curies":[{"name":"wp","href":"https:\/\/api.w.org\/{rel}","templated":true}]}}