{"id":743791,"date":"2020-10-09T17:15:00","date_gmt":"2020-10-09T16:15:00","guid":{"rendered":"http:\/\/wordpress.feuerwehr-schwetzingen.de\/?p=743791"},"modified":"-0001-11-30T00:00:00","modified_gmt":"-0001-11-29T22:00:00","slug":"","status":"publish","type":"post","link":"https:\/\/www.feuerwehr-schwetzingen.de\/?p=743791","title":{"rendered":"Einsatz 2020\/366 &#8211; F1 Feuer klein \/ Brennt Matratze im Garten"},"content":{"rendered":"<p><strong>Alter M\u00fchlweg, Schwetzingen<\/strong><\/p>\n<blockquote><p>In einem Gr\u00fcnstreifen aus Gestr\u00fcpp und B\u00e4umen brannte eine Matratze und weiterer Unrat. Die Flammen hatten auch schon auf die Vegetation \u00fcbergegriffen. Feuer mit einem C-Rohr gel\u00f6scht. Gr\u00fcnstreifen gro\u00dfz\u00fcgig gew\u00e4ssert.<\/p><\/blockquote>\n<table>\n<tbody>\n<tr>\n<td>Alarmzeit:<\/td>\n<td>17:15<\/td>\n<\/tr>\n<tr>\n<td>Eingesetzte Fahrzeuge:<\/td>\n<td>2<\/td>\n<\/tr>\n<tr>\n<td>Personal:<\/td>\n<td>15<\/td>\n<\/tr>\n<tr>\n<td>Einsatzende:<\/td>\n<td>18:21\n<\/td>\n<\/tr>\n<\/tbody>\n<\/table>\n","protected":false},"excerpt":{"rendered":"<p>Alter M\u00fchlweg, Schwetzingen In einem Gr\u00fcnstreifen aus Gestr\u00fcpp und B\u00e4umen brannte eine Matratze und weiterer Unrat. Die Flammen hatten auch schon auf die Vegetation \u00fcbergegriffen. Feuer mit einem C-Rohr gel\u00f6scht. Gr\u00fcnstreifen gro\u00dfz\u00fcgig gew\u00e4ssert. Alarmzeit: 17:15 Eingesetzte Fahrzeuge: 2 Personal: 15 Einsatzende: 18:21<\/p>\n","protected":false},"author":2,"featured_media":0,"comment_status":"open","ping_status":"open","sticky":false,"template":"","format":"standard","meta":{"ngg_post_thumbnail":0,"footnotes":""},"categories":[4],"tags":[],"class_list":["post-743791","post","type-post","status-publish","format-standard","hentry","category-einsaetze"],"_links":{"self":[{"href":"https:\/\/www.feuerwehr-schwetzingen.de\/index.php?rest_route=\/wp\/v2\/posts\/743791","targetHints":{"allow":["GET"]}}],"collection":[{"href":"https:\/\/www.feuerwehr-schwetzingen.de\/index.php?rest_route=\/wp\/v2\/posts"}],"about":[{"href":"https:\/\/www.feuerwehr-schwetzingen.de\/index.php?rest_route=\/wp\/v2\/types\/post"}],"author":[{"embeddable":true,"href":"https:\/\/www.feuerwehr-schwetzingen.de\/index.php?rest_route=\/wp\/v2\/users\/2"}],"replies":[{"embeddable":true,"href":"https:\/\/www.feuerwehr-schwetzingen.de\/index.php?rest_route=%2Fwp%2Fv2%2Fcomments&post=743791"}],"version-history":[{"count":0,"href":"https:\/\/www.feuerwehr-schwetzingen.de\/index.php?rest_route=\/wp\/v2\/posts\/743791\/revisions"}],"wp:attachment":[{"href":"https:\/\/www.feuerwehr-schwetzingen.de\/index.php?rest_route=%2Fwp%2Fv2%2Fmedia&parent=743791"}],"wp:term":[{"taxonomy":"category","embeddable":true,"href":"https:\/\/www.feuerwehr-schwetzingen.de\/index.php?rest_route=%2Fwp%2Fv2%2Fcategories&post=743791"},{"taxonomy":"post_tag","embeddable":true,"href":"https:\/\/www.feuerwehr-schwetzingen.de\/index.php?rest_route=%2Fwp%2Fv2%2Ftags&post=743791"}],"curies":[{"name":"wp","href":"https:\/\/api.w.org\/{rel}","templated":true}]}}