{"id":788947,"date":"2024-11-26T14:15:00","date_gmt":"2024-11-26T13:15:00","guid":{"rendered":"http:\/\/wordpress.feuerwehr-schwetzingen.de\/?p=788947"},"modified":"-0001-11-30T00:00:00","modified_gmt":"-0001-11-29T22:00:00","slug":"","status":"publish","type":"post","link":"https:\/\/www.feuerwehr-schwetzingen.de\/?p=788947","title":{"rendered":"Einsatz 2024\/409 &#8211; Amtshilfe \/ Stellprobe L\u00f6schzug"},"content":{"rendered":"<p><strong>Mannheimer Stra\u00dfe, Schwetzingen<\/strong><\/p>\n<blockquote><p>F\u00fcr die im M\u00e4rz stattfindende Energiemesse wurde eine Stellprobe mit der Drehleiter und dem HLF20 durchgef\u00fchrt.<\/p><\/blockquote>\n<table>\n<tbody>\n<tr>\n<td>Alarmzeit:<\/td>\n<td>14:15<\/td>\n<\/tr>\n<tr>\n<td>Eingesetzte Fahrzeuge:<\/td>\n<td>DLAK 23\/12, HLF 20<\/td>\n<\/tr>\n<tr>\n<td>Personal:<\/td>\n<td>4<\/td>\n<\/tr>\n<tr>\n<td>Einsatzende:<\/td>\n<td>15:15\n<\/td>\n<\/tr>\n<\/tbody>\n<\/table>\n","protected":false},"excerpt":{"rendered":"<p>Mannheimer Stra\u00dfe, Schwetzingen F\u00fcr die im M\u00e4rz stattfindende Energiemesse wurde eine Stellprobe mit der Drehleiter und dem HLF20 durchgef\u00fchrt. Alarmzeit: 14:15 Eingesetzte Fahrzeuge: DLAK 23\/12, HLF 20 Personal: 4 Einsatzende: 15:15<\/p>\n","protected":false},"author":2,"featured_media":0,"comment_status":"open","ping_status":"open","sticky":false,"template":"","format":"standard","meta":{"ngg_post_thumbnail":0,"footnotes":""},"categories":[4],"tags":[],"class_list":["post-788947","post","type-post","status-publish","format-standard","hentry","category-einsaetze"],"_links":{"self":[{"href":"https:\/\/www.feuerwehr-schwetzingen.de\/index.php?rest_route=\/wp\/v2\/posts\/788947","targetHints":{"allow":["GET"]}}],"collection":[{"href":"https:\/\/www.feuerwehr-schwetzingen.de\/index.php?rest_route=\/wp\/v2\/posts"}],"about":[{"href":"https:\/\/www.feuerwehr-schwetzingen.de\/index.php?rest_route=\/wp\/v2\/types\/post"}],"author":[{"embeddable":true,"href":"https:\/\/www.feuerwehr-schwetzingen.de\/index.php?rest_route=\/wp\/v2\/users\/2"}],"replies":[{"embeddable":true,"href":"https:\/\/www.feuerwehr-schwetzingen.de\/index.php?rest_route=%2Fwp%2Fv2%2Fcomments&post=788947"}],"version-history":[{"count":0,"href":"https:\/\/www.feuerwehr-schwetzingen.de\/index.php?rest_route=\/wp\/v2\/posts\/788947\/revisions"}],"wp:attachment":[{"href":"https:\/\/www.feuerwehr-schwetzingen.de\/index.php?rest_route=%2Fwp%2Fv2%2Fmedia&parent=788947"}],"wp:term":[{"taxonomy":"category","embeddable":true,"href":"https:\/\/www.feuerwehr-schwetzingen.de\/index.php?rest_route=%2Fwp%2Fv2%2Fcategories&post=788947"},{"taxonomy":"post_tag","embeddable":true,"href":"https:\/\/www.feuerwehr-schwetzingen.de\/index.php?rest_route=%2Fwp%2Fv2%2Ftags&post=788947"}],"curies":[{"name":"wp","href":"https:\/\/api.w.org\/{rel}","templated":true}]}}