{"id":788958,"date":"2024-12-09T12:22:00","date_gmt":"2024-12-09T11:22:00","guid":{"rendered":"http:\/\/wordpress.feuerwehr-schwetzingen.de\/?p=788958"},"modified":"-0001-11-30T00:00:00","modified_gmt":"-0001-11-29T22:00:00","slug":"","status":"publish","type":"post","link":"https:\/\/www.feuerwehr-schwetzingen.de\/?p=788958","title":{"rendered":"Einsatz 2024\/420 &#8211; H1 &#8211; Hilfeleistung klein \/ Verkehrsunfall"},"content":{"rendered":"<p><strong>B535 Schwetzingen -> Mannheim, Schwetzingen<\/strong><\/p>\n<blockquote><p>Die Feuerwehr unterst\u00fctzte den Rettungsdienst bei der Patientenumlagerung. Die Einsatzstelle wurde abgesichert und der Brandschutz sichergestellt. Die Stra\u00dfe wurde von Tr\u00fcmmerteilen gereinigt. Die Einsatzstelle wurde an die Polizei \u00fcbergeben.<\/p><\/blockquote>\n<table>\n<tbody>\n<tr>\n<td>Alarmzeit:<\/td>\n<td>12:22<\/td>\n<\/tr>\n<tr>\n<td>Eingesetzte Fahrzeuge:<\/td>\n<td>ELW 1, LF 30\/40, HLF 20<\/td>\n<\/tr>\n<tr>\n<td>Personal:<\/td>\n<td>19<\/td>\n<\/tr>\n<tr>\n<td>Einsatzende:<\/td>\n<td>13:31\n<\/td>\n<\/tr>\n<\/tbody>\n<\/table>\n","protected":false},"excerpt":{"rendered":"<p>B535 Schwetzingen -> Mannheim, Schwetzingen Die Feuerwehr unterst\u00fctzte den Rettungsdienst bei der Patientenumlagerung. Die Einsatzstelle wurde abgesichert und der Brandschutz sichergestellt. Die Stra\u00dfe wurde von Tr\u00fcmmerteilen gereinigt. Die Einsatzstelle wurde an die Polizei \u00fcbergeben. Alarmzeit: 12:22 Eingesetzte Fahrzeuge: ELW 1, LF 30\/40, HLF 20 Personal: 19 Einsatzende: 13:31<\/p>\n","protected":false},"author":2,"featured_media":0,"comment_status":"open","ping_status":"open","sticky":false,"template":"","format":"standard","meta":{"ngg_post_thumbnail":0,"footnotes":""},"categories":[4],"tags":[],"class_list":["post-788958","post","type-post","status-publish","format-standard","hentry","category-einsaetze"],"_links":{"self":[{"href":"https:\/\/www.feuerwehr-schwetzingen.de\/index.php?rest_route=\/wp\/v2\/posts\/788958","targetHints":{"allow":["GET"]}}],"collection":[{"href":"https:\/\/www.feuerwehr-schwetzingen.de\/index.php?rest_route=\/wp\/v2\/posts"}],"about":[{"href":"https:\/\/www.feuerwehr-schwetzingen.de\/index.php?rest_route=\/wp\/v2\/types\/post"}],"author":[{"embeddable":true,"href":"https:\/\/www.feuerwehr-schwetzingen.de\/index.php?rest_route=\/wp\/v2\/users\/2"}],"replies":[{"embeddable":true,"href":"https:\/\/www.feuerwehr-schwetzingen.de\/index.php?rest_route=%2Fwp%2Fv2%2Fcomments&post=788958"}],"version-history":[{"count":0,"href":"https:\/\/www.feuerwehr-schwetzingen.de\/index.php?rest_route=\/wp\/v2\/posts\/788958\/revisions"}],"wp:attachment":[{"href":"https:\/\/www.feuerwehr-schwetzingen.de\/index.php?rest_route=%2Fwp%2Fv2%2Fmedia&parent=788958"}],"wp:term":[{"taxonomy":"category","embeddable":true,"href":"https:\/\/www.feuerwehr-schwetzingen.de\/index.php?rest_route=%2Fwp%2Fv2%2Fcategories&post=788958"},{"taxonomy":"post_tag","embeddable":true,"href":"https:\/\/www.feuerwehr-schwetzingen.de\/index.php?rest_route=%2Fwp%2Fv2%2Ftags&post=788958"}],"curies":[{"name":"wp","href":"https:\/\/api.w.org\/{rel}","templated":true}]}}